{"id":49184,"date":"2015-10-11T10:15:29","date_gmt":"2015-10-11T07:15:29","guid":{"rendered":"http:\/\/sana.sy\/tr\/?p=49184"},"modified":"2015-10-11T12:40:48","modified_gmt":"2015-10-11T09:40:48","slug":"halepte-turkiyedeki-rejimin-destekledigi-teror-cetelere-karsi-operasyonlarini-basariyla-surduren-hava-guclerimiz-il-kirsalinin-dogusu-cub-safa-koyunun-yani-sira-neam-istabil-ve-sebiin-tepe","status":"publish","type":"post","link":"https:\/\/archive.sana.sy\/tr\/?p=49184","title":{"rendered":"Halep\u2019te T\u00fcrkiye&#8217;deki rejimin destekledi\u011fi ter\u00f6r \u00e7etelere kar\u015f\u0131 operasyonlar\u0131n\u0131 ba\u015far\u0131yla s\u00fcrd\u00fcren hava g\u00fc\u00e7lerimiz il k\u0131rsal\u0131n\u0131n do\u011fusu Cub Safa K\u00f6y\u00fcn\u00fcn yan\u0131 s\u0131ra Neam, Istab\u0131l ve Sebiin tepelerinde I\u015e\u0130D mevkileri ve ara\u00e7lar\u0131n\u0131 imha etti."},"content":{"rendered":"<p>Halep\u2019te T\u00fcrkiye&#8217;deki rejimin destekledi\u011fi ter\u00f6r \u00e7etelere kar\u015f\u0131 operasyonlar\u0131n\u0131 ba\u015far\u0131yla s\u00fcrd\u00fcren hava g\u00fc\u00e7lerimiz il k\u0131rsal\u0131n\u0131n do\u011fusu Cub Safa K\u00f6y\u00fcn\u00fcn yan\u0131 s\u0131ra Neam, Istab\u0131l ve Sebiin tepelerinde I\u015e\u0130D mevkileri ve ara\u00e7lar\u0131n\u0131 imha etti.<\/p>\n","protected":false},"excerpt":{"rendered":"<p>Halep\u2019te T\u00fcrkiye&#8217;deki rejimin destekledi\u011fi ter\u00f6r \u00e7etelere kar\u015f\u0131 operasyonlar\u0131n\u0131 ba\u015far\u0131yla s\u00fcrd\u00fcren hava g\u00fc\u00e7lerimiz il k\u0131rsal\u0131n\u0131n do\u011fusu Cub Safa K\u00f6y\u00fcn\u00fcn yan\u0131 s\u0131ra Neam, Istab\u0131l ve Sebiin tepelerinde I\u015e\u0130D mevkileri ve ara\u00e7lar\u0131n\u0131 imha etti.<\/p>\n","protected":false},"author":1,"featured_media":0,"comment_status":"closed","ping_status":"closed","sticky":false,"template":"","format":"standard","meta":{"footnotes":""},"categories":[1],"tags":[],"class_list":["post-49184","post","type-post","status-publish","format-standard","","category-news-not-sorted"],"_links":{"self":[{"href":"https:\/\/archive.sana.sy\/tr\/index.php?rest_route=\/wp\/v2\/posts\/49184","targetHints":{"allow":["GET"]}}],"collection":[{"href":"https:\/\/archive.sana.sy\/tr\/index.php?rest_route=\/wp\/v2\/posts"}],"about":[{"href":"https:\/\/archive.sana.sy\/tr\/index.php?rest_route=\/wp\/v2\/types\/post"}],"author":[{"embeddable":true,"href":"https:\/\/archive.sana.sy\/tr\/index.php?rest_route=\/wp\/v2\/users\/1"}],"replies":[{"embeddable":true,"href":"https:\/\/archive.sana.sy\/tr\/index.php?rest_route=%2Fwp%2Fv2%2Fcomments&post=49184"}],"version-history":[{"count":0,"href":"https:\/\/archive.sana.sy\/tr\/index.php?rest_route=\/wp\/v2\/posts\/49184\/revisions"}],"wp:attachment":[{"href":"https:\/\/archive.sana.sy\/tr\/index.php?rest_route=%2Fwp%2Fv2%2Fmedia&parent=49184"}],"wp:term":[{"taxonomy":"category","embeddable":true,"href":"https:\/\/archive.sana.sy\/tr\/index.php?rest_route=%2Fwp%2Fv2%2Fcategories&post=49184"},{"taxonomy":"post_tag","embeddable":true,"href":"https:\/\/archive.sana.sy\/tr\/index.php?rest_route=%2Fwp%2Fv2%2Ftags&post=49184"}],"curies":[{"name":"wp","href":"https:\/\/api.w.org\/{rel}","templated":true}]}}