{"id":49269,"date":"2015-10-12T13:52:43","date_gmt":"2015-10-12T10:52:43","guid":{"rendered":"http:\/\/sana.sy\/tr\/?p=49269"},"modified":"2015-10-12T13:52:43","modified_gmt":"2015-10-12T10:52:43","slug":"ordu-ve-silahli-kuvvetler-genel-komutanligi-yayinladigi-beyanda-ordu-birliklerimizin-lazkiye-kirsalinda-topcu-birlikler-ve-hava-guclerimizin-destegi-ile-muhtelif-adlandirmalar-altindaki-teror-orgutle","status":"publish","type":"post","link":"https:\/\/archive.sana.sy\/tr\/?p=49269","title":{"rendered":"Ordu ve Silahl\u0131 Kuvvetler Genel Komutanl\u0131\u011f\u0131 yay\u0131nlad\u0131\u011f\u0131 beyanda; ordu birliklerimizin Lazkiye k\u0131rsal\u0131nda top\u00e7u birlikler ve hava g\u00fc\u00e7lerimizin deste\u011fi ile muhtelif adland\u0131rmalar alt\u0131ndaki ter\u00f6r \u00f6rg\u00fctleri say\u0131 ve ara\u00e7lar\u0131yla olduk\u00e7a b\u00fcy\u00fck kay\u0131plara u\u011fratt\u0131klar\u0131n\u0131 belirtirken, ciddi bir psikolojik \u00e7\u00f6k\u00fc\u015fle y\u00fcksek say\u0131da ter\u00f6ristin T\u00fcrkiye s\u0131n\u0131rlar\u0131na do\u011fu ka\u00e7\u0131\u015ft\u0131klar\u0131na dikkat \u00e7ekti"},"content":{"rendered":"<p>Ordu ve Silahl\u0131 Kuvvetler Genel Komutanl\u0131\u011f\u0131 yay\u0131nlad\u0131\u011f\u0131 beyanda; ordu birliklerimizin Lazkiye k\u0131rsal\u0131nda top\u00e7u birlikler ve hava g\u00fc\u00e7lerimizin deste\u011fi ile muhtelif adland\u0131rmalar alt\u0131ndaki ter\u00f6r \u00f6rg\u00fctleri say\u0131 ve ara\u00e7lar\u0131yla olduk\u00e7a b\u00fcy\u00fck kay\u0131plara u\u011fratt\u0131klar\u0131n\u0131 belirtirken, ciddi bir psikolojik \u00e7\u00f6k\u00fc\u015fle y\u00fcksek say\u0131da ter\u00f6ristin T\u00fcrkiye s\u0131n\u0131rlar\u0131na do\u011fu ka\u00e7\u0131\u015ft\u0131klar\u0131na dikkat \u00e7ekti<\/p>\n","protected":false},"excerpt":{"rendered":"<p>Ordu ve Silahl\u0131 Kuvvetler Genel Komutanl\u0131\u011f\u0131 yay\u0131nlad\u0131\u011f\u0131 beyanda; ordu birliklerimizin Lazkiye k\u0131rsal\u0131nda top\u00e7u birlikler ve hava g\u00fc\u00e7lerimizin deste\u011fi ile muhtelif adland\u0131rmalar alt\u0131ndaki ter\u00f6r \u00f6rg\u00fctleri say\u0131 ve ara\u00e7lar\u0131yla olduk\u00e7a b\u00fcy\u00fck kay\u0131plara u\u011fratt\u0131klar\u0131n\u0131 belirtirken, ciddi bir psikolojik \u00e7\u00f6k\u00fc\u015fle y\u00fcksek say\u0131da ter\u00f6ristin T\u00fcrkiye s\u0131n\u0131rlar\u0131na do\u011fu ka\u00e7\u0131\u015ft\u0131klar\u0131na dikkat \u00e7ekti<\/p>\n","protected":false},"author":1,"featured_media":0,"comment_status":"closed","ping_status":"closed","sticky":false,"template":"","format":"standard","meta":{"footnotes":""},"categories":[1],"tags":[],"class_list":["post-49269","post","type-post","status-publish","format-standard","","category-news-not-sorted"],"_links":{"self":[{"href":"https:\/\/archive.sana.sy\/tr\/index.php?rest_route=\/wp\/v2\/posts\/49269","targetHints":{"allow":["GET"]}}],"collection":[{"href":"https:\/\/archive.sana.sy\/tr\/index.php?rest_route=\/wp\/v2\/posts"}],"about":[{"href":"https:\/\/archive.sana.sy\/tr\/index.php?rest_route=\/wp\/v2\/types\/post"}],"author":[{"embeddable":true,"href":"https:\/\/archive.sana.sy\/tr\/index.php?rest_route=\/wp\/v2\/users\/1"}],"replies":[{"embeddable":true,"href":"https:\/\/archive.sana.sy\/tr\/index.php?rest_route=%2Fwp%2Fv2%2Fcomments&post=49269"}],"version-history":[{"count":0,"href":"https:\/\/archive.sana.sy\/tr\/index.php?rest_route=\/wp\/v2\/posts\/49269\/revisions"}],"wp:attachment":[{"href":"https:\/\/archive.sana.sy\/tr\/index.php?rest_route=%2Fwp%2Fv2%2Fmedia&parent=49269"}],"wp:term":[{"taxonomy":"category","embeddable":true,"href":"https:\/\/archive.sana.sy\/tr\/index.php?rest_route=%2Fwp%2Fv2%2Fcategories&post=49269"},{"taxonomy":"post_tag","embeddable":true,"href":"https:\/\/archive.sana.sy\/tr\/index.php?rest_route=%2Fwp%2Fv2%2Ftags&post=49269"}],"curies":[{"name":"wp","href":"https:\/\/api.w.org\/{rel}","templated":true}]}}