{"id":49271,"date":"2015-10-12T11:13:32","date_gmt":"2015-10-12T08:13:32","guid":{"rendered":"http:\/\/sana.sy\/tr\/?p=49271"},"modified":"2015-10-12T14:32:05","modified_gmt":"2015-10-12T11:32:05","slug":"halep-ve-kirsalinda-turkiyedeki-rejimin-destekledigi-teror-orgutlere-karsi-operasyonlari-kapsaminda-hava-guclerimizin-bugun-cabbul-ve-hveycina-bolgelerinin-yani-sira-alem-sebin-ve-neam-tepelerinde","status":"publish","type":"post","link":"https:\/\/archive.sana.sy\/tr\/?p=49271","title":{"rendered":"Halep ve k\u0131rsal\u0131nda T\u00fcrkiye&#8217;deki rejimin destekledi\u011fi ter\u00f6r \u00f6rg\u00fctlere kar\u015f\u0131 operasyonlar\u0131 kapsam\u0131nda hava g\u00fc\u00e7lerimizin bug\u00fcn Cabbul ve Hveycina b\u00f6lgelerinin yan\u0131 s\u0131ra Alem, Sebin ve Neam tepelerinde I\u015e\u0130D mevkileri ve ara\u00e7lar\u0131n\u0131 imha ettiklerini belirten kaynak; aralar\u0131nda eleba\u015flar\u0131n bulundu\u011fu y\u00fcksek say\u0131da tekfirciyi cephaneleriyle birlikte etkisizle\u015ftirdiklerini aktard\u0131."},"content":{"rendered":"<p>Halep ve k\u0131rsal\u0131nda T\u00fcrkiye&#8217;deki rejimin destekledi\u011fi ter\u00f6r \u00f6rg\u00fctlere kar\u015f\u0131 operasyonlar\u0131 kapsam\u0131nda hava g\u00fc\u00e7lerimizin bug\u00fcn Cabbul ve Hveycina b\u00f6lgelerinin yan\u0131 s\u0131ra Alem, Sebin ve Neam tepelerinde I\u015e\u0130D mevkileri ve ara\u00e7lar\u0131n\u0131 imha ettiklerini belirten kaynak; aralar\u0131nda eleba\u015flar\u0131n bulundu\u011fu y\u00fcksek say\u0131da tekfirciyi cephaneleriyle birlikte etkisizle\u015ftirdiklerini aktard\u0131.<\/p>\n","protected":false},"excerpt":{"rendered":"<p>Halep ve k\u0131rsal\u0131nda T\u00fcrkiye&#8217;deki rejimin destekledi\u011fi ter\u00f6r \u00f6rg\u00fctlere kar\u015f\u0131 operasyonlar\u0131 kapsam\u0131nda hava g\u00fc\u00e7lerimizin bug\u00fcn Cabbul ve Hveycina b\u00f6lgelerinin yan\u0131 s\u0131ra Alem, Sebin ve Neam tepelerinde I\u015e\u0130D mevkileri ve ara\u00e7lar\u0131n\u0131 imha ettiklerini belirten kaynak; aralar\u0131nda eleba\u015flar\u0131n bulundu\u011fu y\u00fcksek say\u0131da tekfirciyi cephaneleriyle birlikte etkisizle\u015ftirdiklerini aktard\u0131.<\/p>\n","protected":false},"author":1,"featured_media":0,"comment_status":"closed","ping_status":"closed","sticky":false,"template":"","format":"standard","meta":{"footnotes":""},"categories":[1],"tags":[],"class_list":["post-49271","post","type-post","status-publish","format-standard","","category-news-not-sorted"],"_links":{"self":[{"href":"https:\/\/archive.sana.sy\/tr\/index.php?rest_route=\/wp\/v2\/posts\/49271","targetHints":{"allow":["GET"]}}],"collection":[{"href":"https:\/\/archive.sana.sy\/tr\/index.php?rest_route=\/wp\/v2\/posts"}],"about":[{"href":"https:\/\/archive.sana.sy\/tr\/index.php?rest_route=\/wp\/v2\/types\/post"}],"author":[{"embeddable":true,"href":"https:\/\/archive.sana.sy\/tr\/index.php?rest_route=\/wp\/v2\/users\/1"}],"replies":[{"embeddable":true,"href":"https:\/\/archive.sana.sy\/tr\/index.php?rest_route=%2Fwp%2Fv2%2Fcomments&post=49271"}],"version-history":[{"count":0,"href":"https:\/\/archive.sana.sy\/tr\/index.php?rest_route=\/wp\/v2\/posts\/49271\/revisions"}],"wp:attachment":[{"href":"https:\/\/archive.sana.sy\/tr\/index.php?rest_route=%2Fwp%2Fv2%2Fmedia&parent=49271"}],"wp:term":[{"taxonomy":"category","embeddable":true,"href":"https:\/\/archive.sana.sy\/tr\/index.php?rest_route=%2Fwp%2Fv2%2Fcategories&post=49271"},{"taxonomy":"post_tag","embeddable":true,"href":"https:\/\/archive.sana.sy\/tr\/index.php?rest_route=%2Fwp%2Fv2%2Ftags&post=49271"}],"curies":[{"name":"wp","href":"https:\/\/api.w.org\/{rel}","templated":true}]}}