{"id":49323,"date":"2015-10-12T11:31:44","date_gmt":"2015-10-12T08:31:44","guid":{"rendered":"http:\/\/sana.sy\/tr\/?p=49323"},"modified":"2015-10-12T15:10:05","modified_gmt":"2015-10-12T12:10:05","slug":"ordu-ve-silahli-kuvvetler-genel-komutanligi-beyaninda-ordu-birliklerimizin-hama-kirsalinda-kefar-nabbuda-kbeybiyat-maerkebba-um-hareteyn-ve-tel-el-sahr-koy-ve-beldelerini-teroristlerden-tamamen-tem","status":"publish","type":"post","link":"https:\/\/archive.sana.sy\/tr\/?p=49323","title":{"rendered":"Ordu ve Silahl\u0131 Kuvvetler Genel Komutanl\u0131\u011f\u0131 beyan\u0131nda ordu birliklerimizin Hama k\u0131rsal\u0131nda Kefar Nabbuda, Kbeybiyat, Maerkebba, Um Hareteyn ve Tel el Sahr k\u00f6y ve beldelerini ter\u00f6ristlerden tamamen temizleyerek kontrolleri alt\u0131na ald\u0131klar\u0131n\u0131 belirtti."},"content":{"rendered":"<p>Ordu ve Silahl\u0131 Kuvvetler Genel Komutanl\u0131\u011f\u0131 beyan\u0131nda ordu birliklerimizin Hama k\u0131rsal\u0131nda Kefar Nabbuda, Kbeybiyat, Maerkebba, Um Hareteyn ve Tel el Sahr k\u00f6y ve beldelerini ter\u00f6ristlerden tamamen temizleyerek kontrolleri alt\u0131na ald\u0131klar\u0131n\u0131 belirtti.<\/p>\n","protected":false},"excerpt":{"rendered":"<p>Ordu ve Silahl\u0131 Kuvvetler Genel Komutanl\u0131\u011f\u0131 beyan\u0131nda ordu birliklerimizin Hama k\u0131rsal\u0131nda Kefar Nabbuda, Kbeybiyat, Maerkebba, Um Hareteyn ve Tel el Sahr k\u00f6y ve beldelerini ter\u00f6ristlerden tamamen temizleyerek kontrolleri alt\u0131na ald\u0131klar\u0131n\u0131 belirtti.<\/p>\n","protected":false},"author":1,"featured_media":0,"comment_status":"closed","ping_status":"closed","sticky":false,"template":"","format":"standard","meta":{"footnotes":""},"categories":[1],"tags":[],"class_list":["post-49323","post","type-post","status-publish","format-standard","","category-news-not-sorted"],"_links":{"self":[{"href":"https:\/\/archive.sana.sy\/tr\/index.php?rest_route=\/wp\/v2\/posts\/49323","targetHints":{"allow":["GET"]}}],"collection":[{"href":"https:\/\/archive.sana.sy\/tr\/index.php?rest_route=\/wp\/v2\/posts"}],"about":[{"href":"https:\/\/archive.sana.sy\/tr\/index.php?rest_route=\/wp\/v2\/types\/post"}],"author":[{"embeddable":true,"href":"https:\/\/archive.sana.sy\/tr\/index.php?rest_route=\/wp\/v2\/users\/1"}],"replies":[{"embeddable":true,"href":"https:\/\/archive.sana.sy\/tr\/index.php?rest_route=%2Fwp%2Fv2%2Fcomments&post=49323"}],"version-history":[{"count":0,"href":"https:\/\/archive.sana.sy\/tr\/index.php?rest_route=\/wp\/v2\/posts\/49323\/revisions"}],"wp:attachment":[{"href":"https:\/\/archive.sana.sy\/tr\/index.php?rest_route=%2Fwp%2Fv2%2Fmedia&parent=49323"}],"wp:term":[{"taxonomy":"category","embeddable":true,"href":"https:\/\/archive.sana.sy\/tr\/index.php?rest_route=%2Fwp%2Fv2%2Fcategories&post=49323"},{"taxonomy":"post_tag","embeddable":true,"href":"https:\/\/archive.sana.sy\/tr\/index.php?rest_route=%2Fwp%2Fv2%2Ftags&post=49323"}],"curies":[{"name":"wp","href":"https:\/\/api.w.org\/{rel}","templated":true}]}}