{"id":49372,"date":"2015-10-13T11:11:16","date_gmt":"2015-10-13T08:11:16","guid":{"rendered":"http:\/\/sana.sy\/tr\/?p=49372"},"modified":"2015-10-13T11:11:16","modified_gmt":"2015-10-13T08:11:16","slug":"lavrov-suriye-krizi-ile-ilgili-siyasi-faaliyetler-en-yakin-zamanda-baslamalidir","status":"publish","type":"post","link":"https:\/\/archive.sana.sy\/tr\/?p=49372","title":{"rendered":"Lavrov: Suriye Krizi \u0130le \u0130lgili Siyasi Faaliyetler En Yak\u0131n Zamanda Ba\u015flamal\u0131d\u0131r"},"content":{"rendered":"<p>MOSKOVA \u2013 Rusya D\u0131\u015fi\u015fleri Bakan\u0131 SergeyLavrov; Suriye\u2019de siyasi faaliyetlerin en yak\u0131n zamanda ba\u015flamas\u0131 gere\u011fini ifade ederek Moskova\u2019n\u0131n Suriye krizi ile ilgili b\u00f6lgesel ve uluslararas\u0131 alanda \u00e7ok say\u0131da ileti\u015fimde bulunaca\u011f\u0131n\u0131 belirtti.<\/p>\n<p>Avrupa G\u00fcvenlik ve \u0130\u015fbirli\u011fi \u00d6rg\u00fct\u00fc Genel Sekreteri LabbertoZanier ile Moskova\u2019da yapt\u0131\u011f\u0131 g\u00f6r\u00fc\u015fmenin ortak bir bas\u0131n konferans\u0131 d\u00fczenleyen Lavrov; \u00f6rg\u00fct kapsam\u0131ndaki devletlerin temsilcileri ile bir toplant\u0131 d\u00fczenlenmesi ihtimaline i\u015faret ederek aralar\u0131nda \u0130ran, Suriye ve Irak\u2019\u0131n da bulundu\u011fu b\u00fct\u00fcn \u00fcye devletlerle ili\u015fkilerin ter\u00f6rle m\u00fccadele ortak paydas\u0131nda g\u00fc\u00e7lendi\u011fini ibraz etti.<\/p>\n<p>Rusya\u2019n\u0131n son s\u00fcre\u00e7te Suriye krizi ile ilgili etki g\u00fcc\u00fcne sahip b\u00f6lgesel taraflarla bir dizi g\u00f6r\u00fc\u015fmede bulundu\u011funu dile getiren Lavrov; \u015fu ana kadar Suudi Arabistan, \u0130ran ve T\u00fcrkiye gibi devletlerin yetkilileri ile temas kuruldu\u011funu ve bu kapsamdaki giri\u015fimlerin devam edece\u011fini aktard\u0131.<\/p>\n<p>Moskova\u2019n\u0131n ter\u00f6r\u00fc reddeden b\u00fct\u00fcn vatansever muhalefet kesimleri ile diyalog ve i\u015fbirli\u011fi kurmaya haz\u0131r oldu\u011funun alt\u0131n\u0131 \u00e7izen Lavrov; vatansever muhalefet kesimleri ile yap\u0131lacak bu t\u00fcr bir i\u015fbirli\u011finin ter\u00f6rle m\u00fccadeleye g\u00fc\u00e7 kazand\u0131raca\u011f\u0131n\u0131 vurgulad\u0131.<\/p>\n<p>F.B. &#8211; R.H.<\/p>\n","protected":false},"excerpt":{"rendered":"<p>MOSKOVA \u2013 Rusya D\u0131\u015fi\u015fleri Bakan\u0131 SergeyLavrov; Suriye\u2019de siyasi faaliyetlerin en yak\u0131n zamanda ba\u015flamas\u0131 gere\u011fini ifade ederek Moskova\u2019n\u0131n Suriye krizi ile ilgili b\u00f6lgesel ve uluslararas\u0131 alanda \u00e7ok say\u0131da ileti\u015fimde bulunaca\u011f\u0131n\u0131 belirtti. Avrupa G\u00fcvenlik ve \u0130\u015fbirli\u011fi \u00d6rg\u00fct\u00fc Genel Sekreteri LabbertoZanier ile Moskova\u2019da yapt\u0131\u011f\u0131 g\u00f6r\u00fc\u015fmenin ortak bir bas\u0131n konferans\u0131 d\u00fczenleyen Lavrov; \u00f6rg\u00fct kapsam\u0131ndaki devletlerin temsilcileri ile bir toplant\u0131 &hellip;<\/p>\n","protected":false},"author":1,"featured_media":49375,"comment_status":"closed","ping_status":"closed","sticky":false,"template":"","format":"standard","meta":{"footnotes":""},"categories":[458,459,447],"tags":[],"class_list":["post-49372","post","type-post","status-publish","format-standard","has-post-thumbnail","","category-dunya1","category-haberler-arap-uluslararasi-politika","category-politika"],"_links":{"self":[{"href":"https:\/\/archive.sana.sy\/tr\/index.php?rest_route=\/wp\/v2\/posts\/49372","targetHints":{"allow":["GET"]}}],"collection":[{"href":"https:\/\/archive.sana.sy\/tr\/index.php?rest_route=\/wp\/v2\/posts"}],"about":[{"href":"https:\/\/archive.sana.sy\/tr\/index.php?rest_route=\/wp\/v2\/types\/post"}],"author":[{"embeddable":true,"href":"https:\/\/archive.sana.sy\/tr\/index.php?rest_route=\/wp\/v2\/users\/1"}],"replies":[{"embeddable":true,"href":"https:\/\/archive.sana.sy\/tr\/index.php?rest_route=%2Fwp%2Fv2%2Fcomments&post=49372"}],"version-history":[{"count":0,"href":"https:\/\/archive.sana.sy\/tr\/index.php?rest_route=\/wp\/v2\/posts\/49372\/revisions"}],"wp:featuredmedia":[{"embeddable":true,"href":"https:\/\/archive.sana.sy\/tr\/index.php?rest_route=\/wp\/v2\/media\/49375"}],"wp:attachment":[{"href":"https:\/\/archive.sana.sy\/tr\/index.php?rest_route=%2Fwp%2Fv2%2Fmedia&parent=49372"}],"wp:term":[{"taxonomy":"category","embeddable":true,"href":"https:\/\/archive.sana.sy\/tr\/index.php?rest_route=%2Fwp%2Fv2%2Fcategories&post=49372"},{"taxonomy":"post_tag","embeddable":true,"href":"https:\/\/archive.sana.sy\/tr\/index.php?rest_route=%2Fwp%2Fv2%2Ftags&post=49372"}],"curies":[{"name":"wp","href":"https:\/\/api.w.org\/{rel}","templated":true}]}}