{"id":49377,"date":"2015-10-13T11:27:48","date_gmt":"2015-10-13T08:27:48","guid":{"rendered":"http:\/\/sana.sy\/tr\/?p=49377"},"modified":"2015-10-13T11:27:48","modified_gmt":"2015-10-13T08:27:48","slug":"saban-siyasi-ve-askeri-gelismelere-iliskin-bir-anlatim-sundu","status":"publish","type":"post","link":"https:\/\/archive.sana.sy\/tr\/?p=49377","title":{"rendered":"\u015eaban Siyasi ve Askeri Geli\u015fmelere \u0130li\u015fkin Bir Anlat\u0131m Sundu"},"content":{"rendered":"<p>PEK\u0130N \u2013 Cumhurba\u015fkanl\u0131\u011f\u0131 Siyasi ve Bas\u0131n M\u00fcste\u015far\u0131 Buseyna \u015eaban; \u00c7in Halk Cumhuriyeti D\u0131\u015fi\u015fleri Bakanl\u0131\u011f\u0131ndan bir davet \u00fczerine d\u00fczenledi\u011fi ziyaret kapsam\u0131nda \u00c7in Halk Cumhuriyeti D\u0131\u015fi\u015fleri Bakan\u0131 WangYi ile Pekin\u2019deki Bakanl\u0131k binas\u0131nda bir araya geldi.<\/p>\n<p>G\u00f6r\u00fc\u015fmenin ba\u015f\u0131nda Suriye\u2019de ya\u015fanmakta olan kriz ile ilgili meydana gelen askeri ve siyasi geli\u015fmelere ili\u015fkin ayr\u0131nt\u0131l\u0131 bir anlat\u0131m sunan \u015eaban, Suriye ve Rusya aras\u0131ndaki ter\u00f6rle m\u00fccadelede alan\u0131nda yap\u0131lan i\u015fbirli\u011fi ve koordinasyonun olumlu sonu\u00e7lar\u0131na dikkat \u00e7ekti.<\/p>\n<p>\u00c7in Halk Cumhuriyetinin Suriye\u2019de ya\u015fanmakta olan olaylarla ilgili en ba\u015ftan benimsedi\u011fi ve kararl\u0131l\u0131kla s\u00fcrd\u00fcrd\u00fc\u011f\u00fc ilkesel ve adil tutumunun takdire \u015fayan oldu\u011funu dile getiren \u015eaban, Rusya ve \u0130ran gibi b\u00fct\u00fcn dost \u00fclkelerin bu s\u00fcre\u00e7te sergiledikleri adil ve tutarl\u0131 tutumlar\u0131n\u0131n \u00f6n\u00fcm\u00fczdeki s\u00fcre\u00e7lere g\u00fc\u00e7l\u00fc i\u015fbirli\u011fi ili\u015fkileri \u015feklinde yans\u0131yaca\u011f\u0131n\u0131 belirtti.<\/p>\n<p>Di\u011fer taraftan ter\u00f6rle m\u00fccadelede uluslararas\u0131 \u00e7abalar\u0131n ilgili devletlerle koordinasyon i\u00e7erisinde birle\u015ftirilmesi gere\u011fine i\u015faret eden Yi; Suriye krizinin siyasi \u00e7\u00f6z\u00fcm\u00fcne bir alternatif bulunmad\u0131\u011f\u0131n\u0131 ve Suriye\u2019de ya\u015fanmakta olan insanl\u0131k dram\u0131n\u0131n hafifletilmesi i\u00e7in uluslararas\u0131 alanda \u00e7aba harcanmas\u0131 gerekti\u011fini vurgulad\u0131.<\/p>\n<p>F.B. &#8211; R.H.<\/p>\n","protected":false},"excerpt":{"rendered":"<p>PEK\u0130N \u2013 Cumhurba\u015fkanl\u0131\u011f\u0131 Siyasi ve Bas\u0131n M\u00fcste\u015far\u0131 Buseyna \u015eaban; \u00c7in Halk Cumhuriyeti D\u0131\u015fi\u015fleri Bakanl\u0131\u011f\u0131ndan bir davet \u00fczerine d\u00fczenledi\u011fi ziyaret kapsam\u0131nda \u00c7in Halk Cumhuriyeti D\u0131\u015fi\u015fleri Bakan\u0131 WangYi ile Pekin\u2019deki Bakanl\u0131k binas\u0131nda bir araya geldi. G\u00f6r\u00fc\u015fmenin ba\u015f\u0131nda Suriye\u2019de ya\u015fanmakta olan kriz ile ilgili meydana gelen askeri ve siyasi geli\u015fmelere ili\u015fkin ayr\u0131nt\u0131l\u0131 bir anlat\u0131m sunan \u015eaban, Suriye ve &hellip;<\/p>\n","protected":false},"author":1,"featured_media":49378,"comment_status":"closed","ping_status":"closed","sticky":false,"template":"","format":"standard","meta":{"footnotes":""},"categories":[458,459,447],"tags":[],"class_list":["post-49377","post","type-post","status-publish","format-standard","has-post-thumbnail","","category-dunya1","category-haberler-arap-uluslararasi-politika","category-politika"],"_links":{"self":[{"href":"https:\/\/archive.sana.sy\/tr\/index.php?rest_route=\/wp\/v2\/posts\/49377","targetHints":{"allow":["GET"]}}],"collection":[{"href":"https:\/\/archive.sana.sy\/tr\/index.php?rest_route=\/wp\/v2\/posts"}],"about":[{"href":"https:\/\/archive.sana.sy\/tr\/index.php?rest_route=\/wp\/v2\/types\/post"}],"author":[{"embeddable":true,"href":"https:\/\/archive.sana.sy\/tr\/index.php?rest_route=\/wp\/v2\/users\/1"}],"replies":[{"embeddable":true,"href":"https:\/\/archive.sana.sy\/tr\/index.php?rest_route=%2Fwp%2Fv2%2Fcomments&post=49377"}],"version-history":[{"count":0,"href":"https:\/\/archive.sana.sy\/tr\/index.php?rest_route=\/wp\/v2\/posts\/49377\/revisions"}],"wp:featuredmedia":[{"embeddable":true,"href":"https:\/\/archive.sana.sy\/tr\/index.php?rest_route=\/wp\/v2\/media\/49378"}],"wp:attachment":[{"href":"https:\/\/archive.sana.sy\/tr\/index.php?rest_route=%2Fwp%2Fv2%2Fmedia&parent=49377"}],"wp:term":[{"taxonomy":"category","embeddable":true,"href":"https:\/\/archive.sana.sy\/tr\/index.php?rest_route=%2Fwp%2Fv2%2Fcategories&post=49377"},{"taxonomy":"post_tag","embeddable":true,"href":"https:\/\/archive.sana.sy\/tr\/index.php?rest_route=%2Fwp%2Fv2%2Ftags&post=49377"}],"curies":[{"name":"wp","href":"https:\/\/api.w.org\/{rel}","templated":true}]}}