{"id":4942,"date":"2014-07-09T13:30:58","date_gmt":"2014-07-09T10:30:58","guid":{"rendered":"http:\/\/www.sana.sy\/tr\/?p=4942"},"modified":"2014-07-10T17:35:00","modified_gmt":"2014-07-10T14:35:00","slug":"homsta-55-kisi-serbest-birakildi","status":"publish","type":"post","link":"https:\/\/archive.sana.sy\/tr\/?p=4942","title":{"rendered":"Homs\u2019ta 55 Ki\u015fi Serbest B\u0131rak\u0131ld\u0131"},"content":{"rendered":"<p>HOMS &#8211; Homs Valili\u011finde yetkili bir kaynak bug\u00fcn Homs k\u0131rsal\u0131n\u0131n \u011eanto, Resten, Telbise, Teyr Mualla, Cender, Furuklos, Hasya ve Ksayr b\u00f6lgelerinden silahlar\u0131yla teslim olan 55 ki\u015finin kanuni durumlar\u0131n\u0131n d\u00fczeltilip serbest b\u0131rak\u0131ld\u0131klar\u0131n\u0131 a\u00e7\u0131klad\u0131.<\/p>\n<p>Kaynak s\u00f6z konusu ki\u015filerin serbest b\u0131rak\u0131lmadan \u00f6nce yeniden ulusal g\u00fcvenli\u011fi tehdit edecek herhangi bir eyleme kat\u0131lmama taahh\u00fcd\u00fc imzalad\u0131klar\u0131n\u0131 belirtti.<\/p>\n","protected":false},"excerpt":{"rendered":"<p>HOMS &#8211; Homs Valili\u011finde yetkili bir kaynak bug\u00fcn Homs k\u0131rsal\u0131n\u0131n \u011eanto, Resten, Telbise, Teyr Mualla, Cender, Furuklos, Hasya ve Ksayr b\u00f6lgelerinden silahlar\u0131yla teslim olan 55 ki\u015finin kanuni durumlar\u0131n\u0131n d\u00fczeltilip serbest b\u0131rak\u0131ld\u0131klar\u0131n\u0131 a\u00e7\u0131klad\u0131. Kaynak s\u00f6z konusu ki\u015filerin serbest b\u0131rak\u0131lmadan \u00f6nce yeniden ulusal g\u00fcvenli\u011fi tehdit edecek herhangi bir eyleme kat\u0131lmama taahh\u00fcd\u00fc imzalad\u0131klar\u0131n\u0131 belirtti.<\/p>\n","protected":false},"author":1,"featured_media":4966,"comment_status":"closed","ping_status":"closed","sticky":false,"template":"","format":"standard","meta":{"footnotes":""},"categories":[575],"tags":[1079],"class_list":["post-4942","post","type-post","status-publish","format-standard","has-post-thumbnail","","category-olaylar-ve-gercekler","tag-homsta-55-kisi-serbest-birakildi"],"_links":{"self":[{"href":"https:\/\/archive.sana.sy\/tr\/index.php?rest_route=\/wp\/v2\/posts\/4942","targetHints":{"allow":["GET"]}}],"collection":[{"href":"https:\/\/archive.sana.sy\/tr\/index.php?rest_route=\/wp\/v2\/posts"}],"about":[{"href":"https:\/\/archive.sana.sy\/tr\/index.php?rest_route=\/wp\/v2\/types\/post"}],"author":[{"embeddable":true,"href":"https:\/\/archive.sana.sy\/tr\/index.php?rest_route=\/wp\/v2\/users\/1"}],"replies":[{"embeddable":true,"href":"https:\/\/archive.sana.sy\/tr\/index.php?rest_route=%2Fwp%2Fv2%2Fcomments&post=4942"}],"version-history":[{"count":0,"href":"https:\/\/archive.sana.sy\/tr\/index.php?rest_route=\/wp\/v2\/posts\/4942\/revisions"}],"wp:featuredmedia":[{"embeddable":true,"href":"https:\/\/archive.sana.sy\/tr\/index.php?rest_route=\/wp\/v2\/media\/4966"}],"wp:attachment":[{"href":"https:\/\/archive.sana.sy\/tr\/index.php?rest_route=%2Fwp%2Fv2%2Fmedia&parent=4942"}],"wp:term":[{"taxonomy":"category","embeddable":true,"href":"https:\/\/archive.sana.sy\/tr\/index.php?rest_route=%2Fwp%2Fv2%2Fcategories&post=4942"},{"taxonomy":"post_tag","embeddable":true,"href":"https:\/\/archive.sana.sy\/tr\/index.php?rest_route=%2Fwp%2Fv2%2Ftags&post=4942"}],"curies":[{"name":"wp","href":"https:\/\/api.w.org\/{rel}","templated":true}]}}