{"id":49429,"date":"2015-10-13T09:15:54","date_gmt":"2015-10-13T06:15:54","guid":{"rendered":"http:\/\/sana.sy\/tr\/?p=49429"},"modified":"2015-10-13T14:29:56","modified_gmt":"2015-10-13T11:29:56","slug":"halk-savunma-gucleriyle-isbirligi-icinde-suveyda-kirsalinda-israil-ve-urdun-destekli-teror-cetelere-karsi-operasyonlarini-surduren-ordu-birliklerimiz-il-kirsalinin-kuzeydogusu-tel-eshab-bolgesinde-is","status":"publish","type":"post","link":"https:\/\/archive.sana.sy\/tr\/?p=49429","title":{"rendered":"Halk savunma g\u00fc\u00e7leriyle i\u015fbirli\u011fi i\u00e7inde S\u00fcveyda k\u0131rsal\u0131nda \u0130srail ve \u00dcrd\u00fcn destekli ter\u00f6r \u00e7etelere kar\u015f\u0131 operasyonlar\u0131n\u0131 s\u00fcrd\u00fcren ordu birliklerimiz; il k\u0131rsal\u0131n\u0131n kuzeydo\u011fusu Tel E\u015fhab B\u00f6lgesinde I\u015e\u0130D\u2019li \u00e7ok say\u0131da tekfirciyi ara\u00e7 ve cephaneleriyle birlikte etkisizle\u015ftirdi."},"content":{"rendered":"<p>Halk savunma g\u00fc\u00e7leriyle i\u015fbirli\u011fi i\u00e7inde S\u00fcveyda k\u0131rsal\u0131nda \u0130srail ve \u00dcrd\u00fcn destekli ter\u00f6r \u00e7etelere kar\u015f\u0131 operasyonlar\u0131n\u0131 s\u00fcrd\u00fcren ordu birliklerimiz; il k\u0131rsal\u0131n\u0131n kuzeydo\u011fusu Tel E\u015fhab B\u00f6lgesinde I\u015e\u0130D\u2019li \u00e7ok say\u0131da tekfirciyi ara\u00e7 ve cephaneleriyle birlikte etkisizle\u015ftirdi.<\/p>\n","protected":false},"excerpt":{"rendered":"<p>Halk savunma g\u00fc\u00e7leriyle i\u015fbirli\u011fi i\u00e7inde S\u00fcveyda k\u0131rsal\u0131nda \u0130srail ve \u00dcrd\u00fcn destekli ter\u00f6r \u00e7etelere kar\u015f\u0131 operasyonlar\u0131n\u0131 s\u00fcrd\u00fcren ordu birliklerimiz; il k\u0131rsal\u0131n\u0131n kuzeydo\u011fusu Tel E\u015fhab B\u00f6lgesinde I\u015e\u0130D\u2019li \u00e7ok say\u0131da tekfirciyi ara\u00e7 ve cephaneleriyle birlikte etkisizle\u015ftirdi.<\/p>\n","protected":false},"author":1,"featured_media":0,"comment_status":"closed","ping_status":"closed","sticky":false,"template":"","format":"standard","meta":{"footnotes":""},"categories":[1],"tags":[],"class_list":["post-49429","post","type-post","status-publish","format-standard","","category-news-not-sorted"],"_links":{"self":[{"href":"https:\/\/archive.sana.sy\/tr\/index.php?rest_route=\/wp\/v2\/posts\/49429","targetHints":{"allow":["GET"]}}],"collection":[{"href":"https:\/\/archive.sana.sy\/tr\/index.php?rest_route=\/wp\/v2\/posts"}],"about":[{"href":"https:\/\/archive.sana.sy\/tr\/index.php?rest_route=\/wp\/v2\/types\/post"}],"author":[{"embeddable":true,"href":"https:\/\/archive.sana.sy\/tr\/index.php?rest_route=\/wp\/v2\/users\/1"}],"replies":[{"embeddable":true,"href":"https:\/\/archive.sana.sy\/tr\/index.php?rest_route=%2Fwp%2Fv2%2Fcomments&post=49429"}],"version-history":[{"count":0,"href":"https:\/\/archive.sana.sy\/tr\/index.php?rest_route=\/wp\/v2\/posts\/49429\/revisions"}],"wp:attachment":[{"href":"https:\/\/archive.sana.sy\/tr\/index.php?rest_route=%2Fwp%2Fv2%2Fmedia&parent=49429"}],"wp:term":[{"taxonomy":"category","embeddable":true,"href":"https:\/\/archive.sana.sy\/tr\/index.php?rest_route=%2Fwp%2Fv2%2Fcategories&post=49429"},{"taxonomy":"post_tag","embeddable":true,"href":"https:\/\/archive.sana.sy\/tr\/index.php?rest_route=%2Fwp%2Fv2%2Ftags&post=49429"}],"curies":[{"name":"wp","href":"https:\/\/api.w.org\/{rel}","templated":true}]}}