{"id":49436,"date":"2015-10-13T14:34:57","date_gmt":"2015-10-13T11:34:57","guid":{"rendered":"http:\/\/sana.sy\/tr\/?p=49436"},"modified":"2015-10-13T14:34:57","modified_gmt":"2015-10-13T11:34:57","slug":"ilimli-muhaliflerin-isidten-faklari-yoktur","status":"publish","type":"post","link":"https:\/\/archive.sana.sy\/tr\/?p=49436","title":{"rendered":"\u2018Il\u0131ml\u0131 Muhaliflerin\u2019 I\u015e\u0130D\u2019ten Faklar\u0131 Yoktur"},"content":{"rendered":"<p>PRAG \u2013 Avrupa Parlamentosu&#8217;nda \u00c7ek milletvekili Jan Koller Suriye&#8217;de \u2018\u0131l\u0131ml\u0131 muhalifler\u2019 olarak adland\u0131r\u0131lan taraflar ile I\u015e\u0130D ter\u00f6r \u00f6rg\u00fct\u00fc aras\u0131nda hi\u00e7bir fark ya da s\u0131n\u0131r\u0131n olmad\u0131\u011f\u0131n\u0131 vurgulad\u0131.<\/p>\n<p>Koller \u00c7ek Bravo Gazetesinin bug\u00fcnk\u00fc say\u0131s\u0131nda yay\u0131mlad\u0131\u011f\u0131 makalede; Suriye&#8217;de olaylar\u0131n bunu net bir \u015fekilde kan\u0131tlad\u0131\u011f\u0131na dikkat \u00e7ekerken, ABD ve T\u00fcrkiye&#8217;deki rejimin e\u011fit-donat program\u0131 kapsam\u0131nda e\u011fitti\u011fi ter\u00f6ristlerin de donat\u0131ld\u0131klar\u0131 cephane ve ara\u00e7lar\u0131yla birlikte tekfirci \u00f6rg\u00fctlere kat\u0131lmalar\u0131n\u0131n bunu kan\u0131tlad\u0131\u011f\u0131na dikkat \u00e7ekti.<\/p>\n<p>Suriye&#8217;de \u2018\u0131l\u0131ml\u0131 muhalifler\u2019 ad\u0131 alt\u0131nda desteklenen ve ger\u00e7ekte I\u015e\u0130D\u2019ten hi\u00e7bir fark\u0131 olmayan bunlar\u0131n T\u00fcrkiye \u00fczerinden Avrupa devletlerine g\u00f6\u00e7 eden bir milyondan fazla m\u00fclteci meselesindeki tehlikesine dikkat \u00e7eken Koller; t\u00fcm bunlara ra\u011fmen ABD\u2019nin Suudi Arabistan ve T\u00fcrkiye\u2019deki rejimin i\u015fbirli\u011fi ile onlara geli\u015fmi\u015f silah ve muhtelif t\u00fcr deste\u011fini s\u00fcrd\u00fcrd\u00fc\u011f\u00fcne vurgu yapt\u0131.<\/p>\n<p>ABD\u2019nin \u00e7ifte standartl\u0131 politikas\u0131n\u0131 ele\u015ftiren Koller; d\u00fcnyada insan haklar\u0131n\u0131 en \u00e7ok ihlal eden ve en despot rejime sahip olan Suudi Arabistan\u2019\u0131 destekledi\u011fine dikkat \u00e7ekti.<\/p>\n<p>Rusya&#8217;n\u0131n Suriye ordusu ile i\u015fbirli\u011fi i\u00e7inde bulundu\u011fu hava operasyonlar\u0131 konusunda ise Koller; birka\u00e7 g\u00fcn i\u00e7inde ABD ve t\u00fcm m\u00fcttefiklerinin bir y\u0131la a\u015fk\u0131n s\u00fcredir ba\u015farmad\u0131\u011f\u0131 \u015feyleri ba\u015fard\u0131\u011f\u0131n\u0131, I\u015e\u0130D ve benzeri tekfirci \u00f6rg\u00fctleri b\u00fcy\u00fck kay\u0131plara u\u011fratt\u0131klar\u0131n\u0131 belirtti.<\/p>\n<p>R.H.<\/p>\n","protected":false},"excerpt":{"rendered":"<p>PRAG \u2013 Avrupa Parlamentosu&#8217;nda \u00c7ek milletvekili Jan Koller Suriye&#8217;de \u2018\u0131l\u0131ml\u0131 muhalifler\u2019 olarak adland\u0131r\u0131lan taraflar ile I\u015e\u0130D ter\u00f6r \u00f6rg\u00fct\u00fc aras\u0131nda hi\u00e7bir fark ya da s\u0131n\u0131r\u0131n olmad\u0131\u011f\u0131n\u0131 vurgulad\u0131. Koller \u00c7ek Bravo Gazetesinin bug\u00fcnk\u00fc say\u0131s\u0131nda yay\u0131mlad\u0131\u011f\u0131 makalede; Suriye&#8217;de olaylar\u0131n bunu net bir \u015fekilde kan\u0131tlad\u0131\u011f\u0131na dikkat \u00e7ekerken, ABD ve T\u00fcrkiye&#8217;deki rejimin e\u011fit-donat program\u0131 kapsam\u0131nda e\u011fitti\u011fi ter\u00f6ristlerin de donat\u0131ld\u0131klar\u0131 cephane &hellip;<\/p>\n","protected":false},"author":1,"featured_media":49437,"comment_status":"closed","ping_status":"closed","sticky":false,"template":"","format":"standard","meta":{"footnotes":""},"categories":[458,459,447,2554,2555],"tags":[],"class_list":["post-49436","post","type-post","status-publish","format-standard","has-post-thumbnail","","category-dunya1","category-haberler-arap-uluslararasi-politika","category-politika","category-suriye-ve-dunya","category-suriye-ve-turkiye"],"_links":{"self":[{"href":"https:\/\/archive.sana.sy\/tr\/index.php?rest_route=\/wp\/v2\/posts\/49436","targetHints":{"allow":["GET"]}}],"collection":[{"href":"https:\/\/archive.sana.sy\/tr\/index.php?rest_route=\/wp\/v2\/posts"}],"about":[{"href":"https:\/\/archive.sana.sy\/tr\/index.php?rest_route=\/wp\/v2\/types\/post"}],"author":[{"embeddable":true,"href":"https:\/\/archive.sana.sy\/tr\/index.php?rest_route=\/wp\/v2\/users\/1"}],"replies":[{"embeddable":true,"href":"https:\/\/archive.sana.sy\/tr\/index.php?rest_route=%2Fwp%2Fv2%2Fcomments&post=49436"}],"version-history":[{"count":0,"href":"https:\/\/archive.sana.sy\/tr\/index.php?rest_route=\/wp\/v2\/posts\/49436\/revisions"}],"wp:featuredmedia":[{"embeddable":true,"href":"https:\/\/archive.sana.sy\/tr\/index.php?rest_route=\/wp\/v2\/media\/49437"}],"wp:attachment":[{"href":"https:\/\/archive.sana.sy\/tr\/index.php?rest_route=%2Fwp%2Fv2%2Fmedia&parent=49436"}],"wp:term":[{"taxonomy":"category","embeddable":true,"href":"https:\/\/archive.sana.sy\/tr\/index.php?rest_route=%2Fwp%2Fv2%2Fcategories&post=49436"},{"taxonomy":"post_tag","embeddable":true,"href":"https:\/\/archive.sana.sy\/tr\/index.php?rest_route=%2Fwp%2Fv2%2Ftags&post=49436"}],"curies":[{"name":"wp","href":"https:\/\/api.w.org\/{rel}","templated":true}]}}