{"id":49442,"date":"2015-10-13T14:42:50","date_gmt":"2015-10-13T11:42:50","guid":{"rendered":"http:\/\/sana.sy\/tr\/?p=49442"},"modified":"2015-10-13T14:42:50","modified_gmt":"2015-10-13T11:42:50","slug":"kamislida-bombali-eylem","status":"publish","type":"post","link":"https:\/\/archive.sana.sy\/tr\/?p=49442","title":{"rendered":"Kam\u0131\u015fl\u0131\u2019da Bombal\u0131 Eylem"},"content":{"rendered":"<p>HASEKE \u2013 I\u015e\u0130D tekfircileri bug\u00fcn Haseke iline tabi Kam\u0131\u015fl\u0131 Kentinin Hali\u00e7 K\u00f6rfezi yak\u0131nlar\u0131nda bombal\u0131 bir motosikleti havaya u\u00e7urdu.<\/p>\n<p>Emniyet M\u00fcd\u00fcrl\u00fc\u011f\u00fcnde bir kaynak hain ter\u00f6r eyleminde aralar\u0131nda durumu a\u011f\u0131r olan bir kad\u0131n\u0131n bulundu\u011fu 4 vatanda\u015f\u0131n yaraland\u0131\u011f\u0131n\u0131 belirtti.<\/p>\n<p>I\u015e\u0130D \u00e7eteleri Haseke\u2019de ordu birliklerimizin yurtsever destek g\u00fc\u00e7lerle i\u015fbirli\u011fi i\u00e7inde ger\u00e7ekle\u015ftirdikleri operasyonlarda a\u011f\u0131r kay\u0131plar\u0131n\u0131 \u00f6rtbas etmek ve tekfircilerin psikolojilerini d\u00fczeltmek i\u00e7in masum halka kar\u015f\u0131 bombal\u0131 eylemler ve roket sald\u0131r\u0131lar\u0131nda bulunuyor.<\/p>\n<p>R.H.<\/p>\n","protected":false},"excerpt":{"rendered":"<p>HASEKE \u2013 I\u015e\u0130D tekfircileri bug\u00fcn Haseke iline tabi Kam\u0131\u015fl\u0131 Kentinin Hali\u00e7 K\u00f6rfezi yak\u0131nlar\u0131nda bombal\u0131 bir motosikleti havaya u\u00e7urdu. Emniyet M\u00fcd\u00fcrl\u00fc\u011f\u00fcnde bir kaynak hain ter\u00f6r eyleminde aralar\u0131nda durumu a\u011f\u0131r olan bir kad\u0131n\u0131n bulundu\u011fu 4 vatanda\u015f\u0131n yaraland\u0131\u011f\u0131n\u0131 belirtti. I\u015e\u0130D \u00e7eteleri Haseke\u2019de ordu birliklerimizin yurtsever destek g\u00fc\u00e7lerle i\u015fbirli\u011fi i\u00e7inde ger\u00e7ekle\u015ftirdikleri operasyonlarda a\u011f\u0131r kay\u0131plar\u0131n\u0131 \u00f6rtbas etmek ve tekfircilerin psikolojilerini &hellip;<\/p>\n","protected":false},"author":1,"featured_media":49443,"comment_status":"closed","ping_status":"closed","sticky":false,"template":"","format":"standard","meta":{"footnotes":""},"categories":[479,575,478],"tags":[17253],"class_list":["post-49442","post","type-post","status-publish","format-standard","has-post-thumbnail","","category-haberler-yerel","category-olaylar-ve-gercekler","category-yerel","tag-kamislida-bombali-eylem-haseke-isid-tekfircileri-bugun-haseke-iline-tabi-kamisli-kentinin-halic-korfezi-yakinlarinda-bombali-bir-motosikleti-havaya-ucurdu"],"_links":{"self":[{"href":"https:\/\/archive.sana.sy\/tr\/index.php?rest_route=\/wp\/v2\/posts\/49442","targetHints":{"allow":["GET"]}}],"collection":[{"href":"https:\/\/archive.sana.sy\/tr\/index.php?rest_route=\/wp\/v2\/posts"}],"about":[{"href":"https:\/\/archive.sana.sy\/tr\/index.php?rest_route=\/wp\/v2\/types\/post"}],"author":[{"embeddable":true,"href":"https:\/\/archive.sana.sy\/tr\/index.php?rest_route=\/wp\/v2\/users\/1"}],"replies":[{"embeddable":true,"href":"https:\/\/archive.sana.sy\/tr\/index.php?rest_route=%2Fwp%2Fv2%2Fcomments&post=49442"}],"version-history":[{"count":0,"href":"https:\/\/archive.sana.sy\/tr\/index.php?rest_route=\/wp\/v2\/posts\/49442\/revisions"}],"wp:featuredmedia":[{"embeddable":true,"href":"https:\/\/archive.sana.sy\/tr\/index.php?rest_route=\/wp\/v2\/media\/49443"}],"wp:attachment":[{"href":"https:\/\/archive.sana.sy\/tr\/index.php?rest_route=%2Fwp%2Fv2%2Fmedia&parent=49442"}],"wp:term":[{"taxonomy":"category","embeddable":true,"href":"https:\/\/archive.sana.sy\/tr\/index.php?rest_route=%2Fwp%2Fv2%2Fcategories&post=49442"},{"taxonomy":"post_tag","embeddable":true,"href":"https:\/\/archive.sana.sy\/tr\/index.php?rest_route=%2Fwp%2Fv2%2Ftags&post=49442"}],"curies":[{"name":"wp","href":"https:\/\/api.w.org\/{rel}","templated":true}]}}