{"id":4945,"date":"2014-07-10T11:30:47","date_gmt":"2014-07-10T08:30:47","guid":{"rendered":"http:\/\/www.sana.sy\/tr\/?p=4945"},"modified":"2014-07-10T14:24:01","modified_gmt":"2014-07-10T11:24:01","slug":"terorle-mucadele-tum-hiziyla-suruyor","status":"publish","type":"post","link":"https:\/\/archive.sana.sy\/tr\/?p=4945","title":{"rendered":"Ter\u00f6rle M\u00fccadele T\u00fcm H\u0131z\u0131yla S\u00fcr\u00fcyor"},"content":{"rendered":"<p>\u0130LLER \u2013 Kahraman ordu birliklerimizin silahl\u0131 ter\u00f6r gruplar\u0131na y\u00f6nelik operasyonlar\u0131 ba\u015far\u0131larla s\u00fcr\u00fcyor.<\/p>\n<p><span style=\"color: #0000ff\">\u015eam K\u0131rsal\u0131nda Sald\u0131rganlara Kar\u015f\u0131 Koyuldu<\/span><\/p>\n<p>Vatan koruyucular\u0131 ordu birliklerimiz \u015eam k\u0131rsal\u0131n\u0131n T\u0131yba ve Ayn el Bayda beldelerinde askeri noktalara sald\u0131ran ter\u00f6r gruplar\u0131na kar\u015f\u0131 koydu.<\/p>\n<p>Meydana gelen s\u0131cak temasta ordu birliklerimiz sald\u0131rganlar\u0131n bir\u00e7o\u011funu \u00f6l\u00fc yaral\u0131 ele ge\u00e7irdi.<\/p>\n<p><span style=\"color: #0000ff\">Halep ve K\u0131rsal\u0131nda Ter\u00f6ristler Say\u0131 ve Te\u00e7hizat Bak\u0131m\u0131ndan B\u00fcy\u00fck Hasarlara U\u011frat\u0131ld\u0131<\/span><\/p>\n<p>Ordu ve silahl\u0131 kuvvetlerimize tabi birliklerimiz Halep ve k\u0131rsal\u0131nda ter\u00f6ristlerin toplanma merkezleri ve h\u00fccrelerine y\u00f6nelik operasyonlar\u0131 sonucunda say\u0131 ve te\u00e7hizat bak\u0131m\u0131ndan b\u00fcy\u00fck hasarlara u\u011fratt\u0131lar.<\/p>\n<p>Askeri kaynak SANA\u2019ya a\u00e7\u0131klamas\u0131nda bir ter\u00f6r grubunun Mansura\u2019dan B\u00fcnyamin\u2019e do\u011fru s\u0131zmaya \u00e7al\u0131\u015fan bir ter\u00f6r grubunun t\u00fcm elemanlar\u0131n\u0131 \u00f6l\u00fc d\u00fc\u015f\u00fcrd\u00fcklerini a\u00e7\u0131klad\u0131.<\/p>\n<p>Kaynak, birliklerimizin Halep k\u0131rsal\u0131 Daret Ezza, Retyan, Zerbe, \u015eeyh Ahmet, Kuveyrtis, Atareb, Kastillo, Beyanun, Deyr Cemal, Cedide, El Bab, Anadan, Tel Rafet, Hreytan, Mare, Azzaz Uveyca, Tel \u015eair, Mreymin, ve el Haz\u0131r\u2019da ter\u00f6ristlerin toplanma merkezlerinin hedef al\u0131narak \u00e7ok say\u0131da ter\u00f6ristin \u00f6l\u00fc ve yaral\u0131 d\u00fc\u015f\u00fcr\u00fcld\u00fc\u011f\u00fcn\u00fc ifade etti.<\/p>\n<p>Kaynak, Halep kentinde ise ordu birliklerinin Beni Zeyd, Sakhur, Hanano ve \u015eeyh Sait Semtlerinde \u00e7ok say\u0131da ter\u00f6rist \u00f6ld\u00fcrd\u00fcklerini baz\u0131lar\u0131n\u0131 da yaralad\u0131klar\u0131n\u0131 s\u00f6yledi.<\/p>\n<p><span style=\"color: #0000ff\">Dera Anhel\u2019de May\u0131nc\u0131 ve Bomba D\u00fczenek\u00e7isi Ter\u00f6ristler \u00d6ld\u00fcr\u00fcld\u00fc<\/span><\/p>\n<p>Askeri kaynak SANA\u2019ya a\u00e7\u0131klamas\u0131nda ordu birliklerimizin Dera k\u0131rsal\u0131 Anhel Beldesinin bir \u00e7iftli\u011finde may\u0131n ve bomba d\u00fczenekleri yerle\u015ftirme eylemlerinde bulunan ter\u00f6ristleri hedef almalar\u0131 sonucunda ter\u00f6ristleri \u00f6l\u00fc ve yaral\u0131 d\u00fc\u015f\u00fcrd\u00fc.<\/p>\n<p>Kaynak, ordu ve silahl\u0131 kuvvetlerimize tabi bir birli\u011fin Yaduda- Hurbat el \u015eahm yolu \u00fczerindeki Medacin b\u00f6lgesi Tel Zater\u2019de bir ter\u00f6r grubunu, Dera k\u0131rsal\u0131 Casim \u2013 Nemr yolunda ter\u00f6ristlere ait bir ara\u00e7 konvoyunu da etkisiz hale getirdiklerini s\u00f6yledi.<\/p>\n<p>Dera k\u0131rsal\u0131n\u0131n Etman Beldesi civar\u0131ndan \u011eezlan Tar\u0131m Arazilerine s\u0131zmaya \u00e7al\u0131\u015fan silahl\u0131 bir ter\u00f6r grubu ile kahraman birliklerimiz aras\u0131nda \u015fiddetli \u00e7at\u0131\u015fmalar meydana geldi\u011fine i\u015faret eden kaynak; \u00e7at\u0131\u015fmada ter\u00f6r grubu \u00fcyelerinin b\u00fcy\u00fck \u00e7o\u011funlu\u011funun \u00f6l\u00fc ve yaral\u0131 d\u00fc\u015f\u00fcr\u00fcld\u00fc\u011f\u00fcn\u00fc belirtti.<\/p>\n<p>Kahraman birliklerimizin Mzeyreb Nahiyesinde meydana gelen \u00e7at\u0131\u015fmalarda bir\u00e7ok ter\u00f6ristin \u00f6l\u00fc ve yaral\u0131 d\u00fc\u015f\u00fcr\u00fcld\u00fc\u011f\u00fcne de\u011finen kaynak; Dera Beled\u2019te Halil Camisi, Hamza Camisi ve el Abbas Camisi yak\u0131nlar\u0131yla birlikte Kerk Semti ve S\u00fcveydan Mahallesinde meydana gelen \u00e7at\u0131\u015fmalarda bir\u00e7ok ter\u00f6r grubunun tamamen etkisiz hale getirildi\u011fini aktard\u0131.<\/p>\n<p><span style=\"color: #0000ff\">\u0130dlib K\u0131rsal\u0131nda Ter\u00f6ristlerin Askeri Kontrol Noktas\u0131na Giri\u015fimleri \u00c7\u00f6kertildi<\/span><\/p>\n<p>Askeri kaynak SANA\u2019ya a\u00e7\u0131klamas\u0131nda ordu birliklerimizin \u0130dlib k\u0131rsal\u0131 Hamidiye\u2019de askeri kontrol noktas\u0131na sald\u0131rmaya \u00e7al\u0131\u015fan ter\u00f6ristleri \u00f6ld\u00fcrd\u00fcklerini ifade etti.<\/p>\n<p>\u0130dlib k\u0131rsal\u0131n\u0131n T\u0131yba K\u00f6y\u00fc yak\u0131nlar\u0131nda bir ter\u00f6r grubunu hedef alan ordu birliklerimiz t\u00fcm \u00fcyelerini ara\u00e7 ve silahlar\u0131yla birlikte etkisiz hale getirdi. Askeri kaynak \u00f6ld\u00fcr\u00fclen ter\u00f6ristler aras\u0131nda az\u0131l\u0131 ter\u00f6r eleba\u015flar\u0131 Suhayb Malendi ve Mahir Urfal\u0131\u2019n\u0131n yan\u0131 s\u0131ra Katarl\u0131 Hamit S\u00fcveyd\u2019in bulundu\u011funu a\u00e7\u0131klad\u0131.<\/p>\n<p><span style=\"color: #0000ff\">Kunaytra\u2019da El Alem Sahas\u0131na S\u0131zma Giri\u015fimleri Engellendi<\/span><\/p>\n<p>Askeri kaynak SANA\u2019ya a\u00e7\u0131klamas\u0131nda ordu birliklerimizin Kunaytra el Alem Bulvar\u0131na s\u0131zmaya \u00e7al\u0131\u015fan bir ter\u00f6rist grubuyla girdi\u011fi \u00e7at\u0131\u015fmada baz\u0131 ter\u00f6ristleri \u00f6l\u00fc ve yaral\u0131 d\u00fc\u015f\u00fcrd\u00fc.<\/p>\n<p><span style=\"color: #0000ff\">Deyrezzor\u2019da Bir\u00e7ok Ter\u00f6r Yuvas\u0131 Yok Edildi<\/span><\/p>\n<p>Kahraman birliklerimizin Deyrezzor\u2019da da operasyonlar\u0131n\u0131 s\u00fcrd\u00fcrd\u00fcklerine dikkat \u00e7eken kaynak; Huveyca el Saker b\u00f6lgesinde onlarca ter\u00f6ristin \u00f6l\u00fc ve yaral\u0131 d\u00fc\u015f\u00fcr\u00fcld\u00fc\u011f\u00fcn\u00fc belirtti.<\/p>\n<p>Kaynak ayr\u0131ca buralarda ter\u00f6ristlerin havzalar\u0131nda bulunan b\u00fcy\u00fck miktarda silah ve m\u00fchimmat\u0131n imha edildi\u011fini ekledi.<\/p>\n","protected":false},"excerpt":{"rendered":"<p>\u0130LLER \u2013 Kahraman ordu birliklerimizin silahl\u0131 ter\u00f6r gruplar\u0131na y\u00f6nelik operasyonlar\u0131 ba\u015far\u0131larla s\u00fcr\u00fcyor. \u015eam K\u0131rsal\u0131nda Sald\u0131rganlara Kar\u015f\u0131 Koyuldu Vatan koruyucular\u0131 ordu birliklerimiz \u015eam k\u0131rsal\u0131n\u0131n T\u0131yba ve Ayn el Bayda beldelerinde askeri noktalara sald\u0131ran ter\u00f6r gruplar\u0131na kar\u015f\u0131 koydu. Meydana gelen s\u0131cak temasta ordu birliklerimiz sald\u0131rganlar\u0131n bir\u00e7o\u011funu \u00f6l\u00fc yaral\u0131 ele ge\u00e7irdi. Halep ve K\u0131rsal\u0131nda Ter\u00f6ristler Say\u0131 ve Te\u00e7hizat &hellip;<\/p>\n","protected":false},"author":1,"featured_media":4946,"comment_status":"closed","ping_status":"closed","sticky":false,"template":"","format":"standard","meta":{"footnotes":""},"categories":[575],"tags":[1080],"class_list":["post-4945","post","type-post","status-publish","format-standard","has-post-thumbnail","","category-olaylar-ve-gercekler","tag-terorle-mucadele-tum-hiziyla-suruyor"],"_links":{"self":[{"href":"https:\/\/archive.sana.sy\/tr\/index.php?rest_route=\/wp\/v2\/posts\/4945","targetHints":{"allow":["GET"]}}],"collection":[{"href":"https:\/\/archive.sana.sy\/tr\/index.php?rest_route=\/wp\/v2\/posts"}],"about":[{"href":"https:\/\/archive.sana.sy\/tr\/index.php?rest_route=\/wp\/v2\/types\/post"}],"author":[{"embeddable":true,"href":"https:\/\/archive.sana.sy\/tr\/index.php?rest_route=\/wp\/v2\/users\/1"}],"replies":[{"embeddable":true,"href":"https:\/\/archive.sana.sy\/tr\/index.php?rest_route=%2Fwp%2Fv2%2Fcomments&post=4945"}],"version-history":[{"count":0,"href":"https:\/\/archive.sana.sy\/tr\/index.php?rest_route=\/wp\/v2\/posts\/4945\/revisions"}],"wp:featuredmedia":[{"embeddable":true,"href":"https:\/\/archive.sana.sy\/tr\/index.php?rest_route=\/wp\/v2\/media\/4946"}],"wp:attachment":[{"href":"https:\/\/archive.sana.sy\/tr\/index.php?rest_route=%2Fwp%2Fv2%2Fmedia&parent=4945"}],"wp:term":[{"taxonomy":"category","embeddable":true,"href":"https:\/\/archive.sana.sy\/tr\/index.php?rest_route=%2Fwp%2Fv2%2Fcategories&post=4945"},{"taxonomy":"post_tag","embeddable":true,"href":"https:\/\/archive.sana.sy\/tr\/index.php?rest_route=%2Fwp%2Fv2%2Ftags&post=4945"}],"curies":[{"name":"wp","href":"https:\/\/api.w.org\/{rel}","templated":true}]}}