{"id":49458,"date":"2015-10-13T15:42:15","date_gmt":"2015-10-13T12:42:15","guid":{"rendered":"http:\/\/sana.sy\/tr\/?p=49458"},"modified":"2015-10-13T15:42:15","modified_gmt":"2015-10-13T12:42:15","slug":"halk-meclisinin-idlib-sandalyeleri-doldurulacak","status":"publish","type":"post","link":"https:\/\/archive.sana.sy\/tr\/?p=49458","title":{"rendered":"Halk Meclisinin \u0130dlib Sandalyeleri Doldurulacak"},"content":{"rendered":"<p>\u015eAM \u2013 Cumhurba\u015fkan\u0131 Be\u015f\u015far el Esad Halk Meclisinde \u0130dlib \u0130linden bo\u015f milletvekili sandalyelerinin doldurulmas\u0131 i\u00e7in anayasa \u00e7er\u00e7evesinde yap\u0131lacak se\u00e7imlerin tarihini belirleyen kararname onaylad\u0131.<\/p>\n<p>2015\/ 256 say\u0131l\u0131 kararname \u0130dlib \u0130linde A Sekt\u00f6r\u00fcnden yap\u0131lacak milletvekili se\u00e7imlerinin \u00f6n\u00fcm\u00fczdeki 28 Kas\u0131m cumartesi g\u00fcn\u00fc yap\u0131lmas\u0131n\u0131 \u00f6ng\u00f6r\u00fcyor.<\/p>\n","protected":false},"excerpt":{"rendered":"<p>\u015eAM \u2013 Cumhurba\u015fkan\u0131 Be\u015f\u015far el Esad Halk Meclisinde \u0130dlib \u0130linden bo\u015f milletvekili sandalyelerinin doldurulmas\u0131 i\u00e7in anayasa \u00e7er\u00e7evesinde yap\u0131lacak se\u00e7imlerin tarihini belirleyen kararname onaylad\u0131. 2015\/ 256 say\u0131l\u0131 kararname \u0130dlib \u0130linde A Sekt\u00f6r\u00fcnden yap\u0131lacak milletvekili se\u00e7imlerinin \u00f6n\u00fcm\u00fczdeki 28 Kas\u0131m cumartesi g\u00fcn\u00fc yap\u0131lmas\u0131n\u0131 \u00f6ng\u00f6r\u00fcyor.<\/p>\n","protected":false},"author":1,"featured_media":19301,"comment_status":"closed","ping_status":"closed","sticky":false,"template":"","format":"standard","meta":{"footnotes":""},"categories":[479,605,612,599,478],"tags":[17256,16838,17255],"class_list":["post-49458","post","type-post","status-publish","format-standard","has-post-thumbnail","","category-haberler-yerel","category-sayin-cumhurbaskani","category-yasama-kararnameler","category-yasama-ve-kanunlar","category-yerel","tag-bessar-el-esad","tag-halk-meclisi","tag-halk-meclisinin-idlib-sandalyeleri-doldurulacak"],"_links":{"self":[{"href":"https:\/\/archive.sana.sy\/tr\/index.php?rest_route=\/wp\/v2\/posts\/49458","targetHints":{"allow":["GET"]}}],"collection":[{"href":"https:\/\/archive.sana.sy\/tr\/index.php?rest_route=\/wp\/v2\/posts"}],"about":[{"href":"https:\/\/archive.sana.sy\/tr\/index.php?rest_route=\/wp\/v2\/types\/post"}],"author":[{"embeddable":true,"href":"https:\/\/archive.sana.sy\/tr\/index.php?rest_route=\/wp\/v2\/users\/1"}],"replies":[{"embeddable":true,"href":"https:\/\/archive.sana.sy\/tr\/index.php?rest_route=%2Fwp%2Fv2%2Fcomments&post=49458"}],"version-history":[{"count":0,"href":"https:\/\/archive.sana.sy\/tr\/index.php?rest_route=\/wp\/v2\/posts\/49458\/revisions"}],"wp:featuredmedia":[{"embeddable":true,"href":"https:\/\/archive.sana.sy\/tr\/index.php?rest_route=\/wp\/v2\/media\/19301"}],"wp:attachment":[{"href":"https:\/\/archive.sana.sy\/tr\/index.php?rest_route=%2Fwp%2Fv2%2Fmedia&parent=49458"}],"wp:term":[{"taxonomy":"category","embeddable":true,"href":"https:\/\/archive.sana.sy\/tr\/index.php?rest_route=%2Fwp%2Fv2%2Fcategories&post=49458"},{"taxonomy":"post_tag","embeddable":true,"href":"https:\/\/archive.sana.sy\/tr\/index.php?rest_route=%2Fwp%2Fv2%2Ftags&post=49458"}],"curies":[{"name":"wp","href":"https:\/\/api.w.org\/{rel}","templated":true}]}}