{"id":49462,"date":"2015-10-13T13:00:01","date_gmt":"2015-10-13T10:00:01","guid":{"rendered":"http:\/\/sana.sy\/tr\/?p=49462"},"modified":"2015-10-13T15:48:14","modified_gmt":"2015-10-13T12:48:14","slug":"hava-guclerimiz-deyrezzor-askeri-havalimaninin-dogusuna-ek-olarak-il-kirsalinin-mureyiye-bolgesinde-isid-tekfircilerine-ait-bircok-araci-tasidiklari-terorist-ve-cephaneyle-birlikte-imha-etti","status":"publish","type":"post","link":"https:\/\/archive.sana.sy\/tr\/?p=49462","title":{"rendered":"Hava g\u00fc\u00e7lerimiz Deyrezzor Askeri Havaliman\u0131n\u0131n do\u011fusuna ek olarak il k\u0131rsal\u0131n\u0131n Mureyiye B\u00f6lgesinde I\u015e\u0130D tekfircilerine ait bir\u00e7ok arac\u0131 ta\u015f\u0131d\u0131klar\u0131 ter\u00f6rist ve cephaneyle birlikte imha etti."},"content":{"rendered":"<p>Hava g\u00fc\u00e7lerimiz Deyrezzor Askeri Havaliman\u0131n\u0131n do\u011fusuna ek olarak il k\u0131rsal\u0131n\u0131n Mureyiye B\u00f6lgesinde I\u015e\u0130D tekfircilerine ait bir\u00e7ok arac\u0131 ta\u015f\u0131d\u0131klar\u0131 ter\u00f6rist ve cephaneyle birlikte imha etti.<\/p>\n","protected":false},"excerpt":{"rendered":"<p>Hava g\u00fc\u00e7lerimiz Deyrezzor Askeri Havaliman\u0131n\u0131n do\u011fusuna ek olarak il k\u0131rsal\u0131n\u0131n Mureyiye B\u00f6lgesinde I\u015e\u0130D tekfircilerine ait bir\u00e7ok arac\u0131 ta\u015f\u0131d\u0131klar\u0131 ter\u00f6rist ve cephaneyle birlikte imha etti.<\/p>\n","protected":false},"author":1,"featured_media":0,"comment_status":"closed","ping_status":"closed","sticky":false,"template":"","format":"standard","meta":{"footnotes":""},"categories":[1],"tags":[],"class_list":["post-49462","post","type-post","status-publish","format-standard","","category-news-not-sorted"],"_links":{"self":[{"href":"https:\/\/archive.sana.sy\/tr\/index.php?rest_route=\/wp\/v2\/posts\/49462","targetHints":{"allow":["GET"]}}],"collection":[{"href":"https:\/\/archive.sana.sy\/tr\/index.php?rest_route=\/wp\/v2\/posts"}],"about":[{"href":"https:\/\/archive.sana.sy\/tr\/index.php?rest_route=\/wp\/v2\/types\/post"}],"author":[{"embeddable":true,"href":"https:\/\/archive.sana.sy\/tr\/index.php?rest_route=\/wp\/v2\/users\/1"}],"replies":[{"embeddable":true,"href":"https:\/\/archive.sana.sy\/tr\/index.php?rest_route=%2Fwp%2Fv2%2Fcomments&post=49462"}],"version-history":[{"count":0,"href":"https:\/\/archive.sana.sy\/tr\/index.php?rest_route=\/wp\/v2\/posts\/49462\/revisions"}],"wp:attachment":[{"href":"https:\/\/archive.sana.sy\/tr\/index.php?rest_route=%2Fwp%2Fv2%2Fmedia&parent=49462"}],"wp:term":[{"taxonomy":"category","embeddable":true,"href":"https:\/\/archive.sana.sy\/tr\/index.php?rest_route=%2Fwp%2Fv2%2Fcategories&post=49462"},{"taxonomy":"post_tag","embeddable":true,"href":"https:\/\/archive.sana.sy\/tr\/index.php?rest_route=%2Fwp%2Fv2%2Ftags&post=49462"}],"curies":[{"name":"wp","href":"https:\/\/api.w.org\/{rel}","templated":true}]}}