{"id":49466,"date":"2015-10-13T14:00:54","date_gmt":"2015-10-13T11:00:54","guid":{"rendered":"http:\/\/sana.sy\/tr\/?p=49466"},"modified":"2015-10-13T15:48:52","modified_gmt":"2015-10-13T12:48:52","slug":"askeri-kaynak-sanaya-aciklamasinda-hava-guclerimizin-rakka-kentinin-yaklasik-30-km-kuzeydogusunda-isid-orgutu-komutan-ve-azili-elebaslarinin-bulundugu-bir-karargahi-muhtevalariyla-imha-etti","status":"publish","type":"post","link":"https:\/\/archive.sana.sy\/tr\/?p=49466","title":{"rendered":"Askeri kaynak SANA\u2019ya a\u00e7\u0131klamas\u0131nda hava g\u00fc\u00e7lerimizin Rakka Kentinin yakla\u015f\u0131k 30 km kuzeydo\u011fusunda I\u015e\u0130D \u00d6rg\u00fct\u00fc komutan ve az\u0131l\u0131 eleba\u015flar\u0131n\u0131n bulundu\u011fu bir karargah\u0131 muhtevalar\u0131yla imha etti."},"content":{"rendered":"<p>Askeri kaynak SANA\u2019ya a\u00e7\u0131klamas\u0131nda hava g\u00fc\u00e7lerimizin Rakka Kentinin yakla\u015f\u0131k 30 km kuzeydo\u011fusunda I\u015e\u0130D \u00d6rg\u00fct\u00fc komutan ve az\u0131l\u0131 eleba\u015flar\u0131n\u0131n bulundu\u011fu bir karargah\u0131 muhtevalar\u0131yla imha etti.<\/p>\n<p>&nbsp;<\/p>\n","protected":false},"excerpt":{"rendered":"<p>Askeri kaynak SANA\u2019ya a\u00e7\u0131klamas\u0131nda hava g\u00fc\u00e7lerimizin Rakka Kentinin yakla\u015f\u0131k 30 km kuzeydo\u011fusunda I\u015e\u0130D \u00d6rg\u00fct\u00fc komutan ve az\u0131l\u0131 eleba\u015flar\u0131n\u0131n bulundu\u011fu bir karargah\u0131 muhtevalar\u0131yla imha etti. &nbsp;<\/p>\n","protected":false},"author":1,"featured_media":0,"comment_status":"closed","ping_status":"closed","sticky":false,"template":"","format":"standard","meta":{"footnotes":""},"categories":[1],"tags":[],"class_list":["post-49466","post","type-post","status-publish","format-standard","","category-news-not-sorted"],"_links":{"self":[{"href":"https:\/\/archive.sana.sy\/tr\/index.php?rest_route=\/wp\/v2\/posts\/49466","targetHints":{"allow":["GET"]}}],"collection":[{"href":"https:\/\/archive.sana.sy\/tr\/index.php?rest_route=\/wp\/v2\/posts"}],"about":[{"href":"https:\/\/archive.sana.sy\/tr\/index.php?rest_route=\/wp\/v2\/types\/post"}],"author":[{"embeddable":true,"href":"https:\/\/archive.sana.sy\/tr\/index.php?rest_route=\/wp\/v2\/users\/1"}],"replies":[{"embeddable":true,"href":"https:\/\/archive.sana.sy\/tr\/index.php?rest_route=%2Fwp%2Fv2%2Fcomments&post=49466"}],"version-history":[{"count":0,"href":"https:\/\/archive.sana.sy\/tr\/index.php?rest_route=\/wp\/v2\/posts\/49466\/revisions"}],"wp:attachment":[{"href":"https:\/\/archive.sana.sy\/tr\/index.php?rest_route=%2Fwp%2Fv2%2Fmedia&parent=49466"}],"wp:term":[{"taxonomy":"category","embeddable":true,"href":"https:\/\/archive.sana.sy\/tr\/index.php?rest_route=%2Fwp%2Fv2%2Fcategories&post=49466"},{"taxonomy":"post_tag","embeddable":true,"href":"https:\/\/archive.sana.sy\/tr\/index.php?rest_route=%2Fwp%2Fv2%2Ftags&post=49466"}],"curies":[{"name":"wp","href":"https:\/\/api.w.org\/{rel}","templated":true}]}}