{"id":49471,"date":"2015-10-13T15:59:58","date_gmt":"2015-10-13T12:59:58","guid":{"rendered":"http:\/\/sana.sy\/tr\/?p=49471"},"modified":"2015-10-14T15:50:00","modified_gmt":"2015-10-14T12:50:00","slug":"abnin-cozumde-rol-oynama-acizligini-kanitliyor","status":"publish","type":"post","link":"https:\/\/archive.sana.sy\/tr\/?p=49471","title":{"rendered":"AB\u2019nin \u00c7\u00f6z\u00fcmde Rol Oynama Acizli\u011fini Kan\u0131tl\u0131yor"},"content":{"rendered":"<p>\u015eAM \u2013 Suriye Arap Cumhuriyeti; Avrupa Birli\u011fi d\u0131\u015fi\u015fleri bakanlar\u0131n\u0131n d\u00fcn yay\u0131nlad\u0131klar\u0131 beyan\u0131 k\u0131nad\u0131.<\/p>\n<p>D\u0131\u015fi\u015fleri ve Gurbet\u00e7iler Bakanl\u0131\u011f\u0131nda yetkili bir kaynak SANA\u2019ya yapt\u0131\u011f\u0131 a\u00e7\u0131klamada; Suriye halk\u0131 ve kahraman ordusunun Suriye&#8217;nin yan\u0131 s\u0131ra b\u00f6lge halklar\u0131 ve t\u00fcm d\u00fcnyay\u0131 tehdit eden tekfirci ter\u00f6re kar\u015f\u0131 m\u00fccadelede her zamandan daha \u00e7ok kararl\u0131 ve azimli oldu\u011funu belirtti. Suriye&#8217;nin devlet, ordu ve halk olarak ulusal ilkelerine s\u0131ms\u0131k\u0131 tutundu\u011funu ve ulusal egemenli\u011fini savunmaya devam etme azminde oldu\u011funun alt\u0131n\u0131 \u00e7izen kaynak; me\u015fru y\u00f6netimiyle birlikte Suriye&#8217;nin gelece\u011fini kendi eliyle belirleme kararl\u0131l\u0131\u011f\u0131nda oldu\u011funu vurgulad\u0131. Kaynak Suriye&#8217;nin b\u00fct\u00fcnsel olarak Avrupa devletleri ya da ba\u015fka herhangi bir taraf\u0131n kendi egemenli\u011fine ve i\u00e7i\u015flerine her t\u00fcrl\u00fc m\u00fcdahaleye kar\u015f\u0131 m\u00fccadelesini s\u00fcrd\u00fcrece\u011fini ifade etti.<\/p>\n<p>AB d\u0131\u015fi\u015fleri bakanlar\u0131n\u0131n beyan\u0131nda kimi taraflar\u0131n Avrupa devletlerini ABD\u2019nin tutumlar\u0131na ba\u011fl\u0131 kalma ve edat olma y\u00f6n\u00fcnde \u0131srarlar\u0131n\u0131 yans\u0131tt\u0131klar\u0131na dikkat \u00e7eken kaynak; ayn\u0131 zamanda s\u00f6z konusu devletlerin kendi ucuz ve dar \u00e7\u0131karlar\u0131 u\u011fruna karanl\u0131k petrol \u015feyhleri ile i\u015fbirli\u011fi i\u00e7inde d\u00fcnyay\u0131 tehdit eden ter\u00f6r ve kaostan yana tutumlar\u0131n\u0131 ortaya koydu\u011funu ifade etti.<\/p>\n<p>Kaynak t\u00fcm bunlar\u0131n AB\u2019nin Suriye&#8217;deki krizin \u00e7\u00f6z\u00fcm\u00fcnde herhangi bir rol oynamaktan aciz oldu\u011funu, b\u00f6yle bir rol oynama olana\u011f\u0131na da haz\u0131r olmad\u0131\u011f\u0131n\u0131 kan\u0131tlad\u0131\u011f\u0131n\u0131 belirtti.<\/p>\n<p>Geli\u015fen durum ve olaylar\u0131n ABD ve m\u00fcttefiklerinin tutumlar\u0131n\u0131n ter\u00f6re temel deste\u011fi te\u015fkil ettiklerini net bir \u015fekilde ortaya serdi\u011fine dikkat \u00e7eken kaynak; bu tutumlarla birlikte ter\u00f6re kar\u015f\u0131 m\u00fccadele iddialar\u0131 ve ciddiyetsizlikleri nedeniyle tekfirci ter\u00f6r\u00fcn bu \u015fekilde yay\u0131l\u0131p t\u00fcm b\u00f6lge halklar\u0131na kar\u015f\u0131 en b\u00fcy\u00fck tehlikeyi te\u015fkil edecek d\u00fczeye geldi\u011fine vurgu yapt\u0131.<\/p>\n<p>Kaynak ABD, AB ve m\u00fcttefiklerinin Rusya&#8217;n\u0131n Suriye&#8217;deki hava operasyonlar\u0131na \u00e7amur atma giri\u015fimlerini ele\u015ftirirken; bu operasyonlar\u0131n birka\u00e7 g\u00fcnl\u00fck k\u0131sa s\u00fcre i\u00e7inde I\u015e\u0130D, Nusra Cephesi ve benzerleri ter\u00f6r \u00f6rg\u00fctleri b\u00fcy\u00fck kay\u0131plara u\u011fratt\u0131klar\u0131na dikkat \u00e7ekti. Kaynak bu \u00f6rg\u00fctlerin s\u00f6z konusu a\u011f\u0131r kay\u0131plarla d\u00fc\u015ft\u00fckleri panik ve korkuya i\u015faret ederken, operasyonlar\u0131n etkinli\u011finin kan\u0131tlanmas\u0131yla herkesin dikkatini \u00e7ekti\u011fini ifade etti.<\/p>\n","protected":false},"excerpt":{"rendered":"<p>\u015eAM \u2013 Suriye Arap Cumhuriyeti; Avrupa Birli\u011fi d\u0131\u015fi\u015fleri bakanlar\u0131n\u0131n d\u00fcn yay\u0131nlad\u0131klar\u0131 beyan\u0131 k\u0131nad\u0131. D\u0131\u015fi\u015fleri ve Gurbet\u00e7iler Bakanl\u0131\u011f\u0131nda yetkili bir kaynak SANA\u2019ya yapt\u0131\u011f\u0131 a\u00e7\u0131klamada; Suriye halk\u0131 ve kahraman ordusunun Suriye&#8217;nin yan\u0131 s\u0131ra b\u00f6lge halklar\u0131 ve t\u00fcm d\u00fcnyay\u0131 tehdit eden tekfirci ter\u00f6re kar\u015f\u0131 m\u00fccadelede her zamandan daha \u00e7ok kararl\u0131 ve azimli oldu\u011funu belirtti. Suriye&#8217;nin devlet, ordu ve &hellip;<\/p>\n","protected":false},"author":1,"featured_media":12946,"comment_status":"closed","ping_status":"closed","sticky":false,"template":"","format":"standard","meta":{"footnotes":""},"categories":[479,2554,2555,478],"tags":[17257],"class_list":["post-49471","post","type-post","status-publish","format-standard","has-post-thumbnail","","category-haberler-yerel","category-suriye-ve-dunya","category-suriye-ve-turkiye","category-yerel","tag-abnin-cozumde-rol-oynama-acizligini-kanitliyor"],"_links":{"self":[{"href":"https:\/\/archive.sana.sy\/tr\/index.php?rest_route=\/wp\/v2\/posts\/49471","targetHints":{"allow":["GET"]}}],"collection":[{"href":"https:\/\/archive.sana.sy\/tr\/index.php?rest_route=\/wp\/v2\/posts"}],"about":[{"href":"https:\/\/archive.sana.sy\/tr\/index.php?rest_route=\/wp\/v2\/types\/post"}],"author":[{"embeddable":true,"href":"https:\/\/archive.sana.sy\/tr\/index.php?rest_route=\/wp\/v2\/users\/1"}],"replies":[{"embeddable":true,"href":"https:\/\/archive.sana.sy\/tr\/index.php?rest_route=%2Fwp%2Fv2%2Fcomments&post=49471"}],"version-history":[{"count":0,"href":"https:\/\/archive.sana.sy\/tr\/index.php?rest_route=\/wp\/v2\/posts\/49471\/revisions"}],"wp:featuredmedia":[{"embeddable":true,"href":"https:\/\/archive.sana.sy\/tr\/index.php?rest_route=\/wp\/v2\/media\/12946"}],"wp:attachment":[{"href":"https:\/\/archive.sana.sy\/tr\/index.php?rest_route=%2Fwp%2Fv2%2Fmedia&parent=49471"}],"wp:term":[{"taxonomy":"category","embeddable":true,"href":"https:\/\/archive.sana.sy\/tr\/index.php?rest_route=%2Fwp%2Fv2%2Fcategories&post=49471"},{"taxonomy":"post_tag","embeddable":true,"href":"https:\/\/archive.sana.sy\/tr\/index.php?rest_route=%2Fwp%2Fv2%2Ftags&post=49471"}],"curies":[{"name":"wp","href":"https:\/\/api.w.org\/{rel}","templated":true}]}}