{"id":4952,"date":"2014-07-09T16:00:05","date_gmt":"2014-07-09T13:00:05","guid":{"rendered":"http:\/\/www.sana.sy\/tr\/?p=4952"},"modified":"2014-07-09T16:03:46","modified_gmt":"2014-07-09T13:03:46","slug":"dunya-kupasi-tribunlerinde-vatan-bayragini-dalgalandirdi","status":"publish","type":"post","link":"https:\/\/archive.sana.sy\/tr\/?p=4952","title":{"rendered":"D\u00fcnya Kupas\u0131 Trib\u00fcnlerinde Vatan Bayra\u011f\u0131n\u0131 Dalgaland\u0131rd\u0131"},"content":{"rendered":"<p>BREZ\u0130LYA \u2013 Brezilya\u2019da ya\u015fayan Suriyeli bir gurbet\u00e7i D\u00fcnya Kupas\u0131 Ma\u00e7lar\u0131ndan birinde vatan\u0131n bayra\u011f\u0131n\u0131 dalgaland\u0131rarak, Suriye topraklar\u0131nda ya\u015fanan vah\u015fet kar\u015f\u0131s\u0131nda Suriye Arap Ordusunun ve vefal\u0131 halk\u0131n\u0131n kazand\u0131klar\u0131 \u015fanl\u0131 zaferlerin tek sembol\u00fc bu bayrakt\u0131r mesaj\u0131n\u0131 verdi.<\/p>\n<p><a href=\"http:\/\/www.sana.sy\/tr\/wp-content\/uploads\/2014\/07\/gurbet\u00e7i.jpg\"><img loading=\"lazy\" decoding=\"async\" class=\"alignright wp-image-4956 size-full\" src=\"http:\/\/www.sana.sy\/tr\/wp-content\/uploads\/2014\/07\/gurbet\u00e7i.jpg\" alt=\"gurbet\u00e7i\" width=\"200\" height=\"356\" srcset=\"https:\/\/archive.sana.sy\/tr\/wp-content\/uploads\/2014\/07\/gurbet\u00e7i.jpg 200w, https:\/\/archive.sana.sy\/tr\/wp-content\/uploads\/2014\/07\/gurbet\u00e7i-84x150.jpg 84w, https:\/\/archive.sana.sy\/tr\/wp-content\/uploads\/2014\/07\/gurbet\u00e7i-168x300.jpg 168w\" sizes=\"auto, (max-width: 200px) 100vw, 200px\" \/><\/a>Fransa-Nijerya kar\u015f\u0131la\u015fmas\u0131n\u0131 izlemek amac\u0131yla stadyuma gelen y\u00fczlerce taraftarla birlikte trib\u00fcnlere giren gurbet\u00e7imiz Emire el \u015e\u0131rti; SANA\u2019ya yapt\u0131\u011f\u0131 a\u00e7\u0131klamada, en b\u00fcy\u00fck onuru ve gurunun vatan\u0131 ve ulusal tarihi oldu\u011funu dile getirerek tarih boyunca karde\u015flik ve ho\u015fg\u00f6r\u00fcye be\u015fiklik etmi\u015f topraklarda do\u011fup b\u00fcy\u00fcm\u00fc\u015f olman\u0131n kendisi i\u00e7in bir ayr\u0131cal\u0131k oldu\u011funu vurgulad\u0131.<\/p>\n<p>Trib\u00fcnlerde, Suriye\u2019ye d\u00fc\u015fman \u00fclkelerin onlarca vatanda\u015f\u0131n\u0131n Suriye Bayra\u011f\u0131n\u0131n dalgaland\u0131\u011f\u0131n\u0131 g\u00f6rd\u00fcklerinde heyecanla alk\u0131\u015f tuttuklar\u0131na dikkat \u00e7eken el \u015e\u0131rti; trib\u00fcnlerde vatan\u0131n\u0131n bayra\u011f\u0131n\u0131 z\u0131lg\u0131tlar e\u015fli\u011finde dalgaland\u0131rarak \u00fclkede ya\u015fanan ger\u00e7eklere \u0131\u015f\u0131k tutmay\u0131 ve kahraman birliklerimizin zaferini kutlamay\u0131 ama\u00e7lad\u0131\u011f\u0131n\u0131 ifade etti.<\/p>\n","protected":false},"excerpt":{"rendered":"<p>BREZ\u0130LYA \u2013 Brezilya\u2019da ya\u015fayan Suriyeli bir gurbet\u00e7i D\u00fcnya Kupas\u0131 Ma\u00e7lar\u0131ndan birinde vatan\u0131n bayra\u011f\u0131n\u0131 dalgaland\u0131rarak, Suriye topraklar\u0131nda ya\u015fanan vah\u015fet kar\u015f\u0131s\u0131nda Suriye Arap Ordusunun ve vefal\u0131 halk\u0131n\u0131n kazand\u0131klar\u0131 \u015fanl\u0131 zaferlerin tek sembol\u00fc bu bayrakt\u0131r mesaj\u0131n\u0131 verdi. Fransa-Nijerya kar\u015f\u0131la\u015fmas\u0131n\u0131 izlemek amac\u0131yla stadyuma gelen y\u00fczlerce taraftarla birlikte trib\u00fcnlere giren gurbet\u00e7imiz Emire el \u015e\u0131rti; SANA\u2019ya yapt\u0131\u011f\u0131 a\u00e7\u0131klamada, en b\u00fcy\u00fck onuru &hellip;<\/p>\n","protected":false},"author":1,"featured_media":4955,"comment_status":"closed","ping_status":"closed","sticky":false,"template":"","format":"standard","meta":{"footnotes":""},"categories":[458,459],"tags":[1081],"class_list":["post-4952","post","type-post","status-publish","format-standard","has-post-thumbnail","","category-dunya1","category-haberler-arap-uluslararasi-politika","tag-dunya-kupasi-tribunlerinde-vatan-bayragini-dalgalandirdi"],"_links":{"self":[{"href":"https:\/\/archive.sana.sy\/tr\/index.php?rest_route=\/wp\/v2\/posts\/4952","targetHints":{"allow":["GET"]}}],"collection":[{"href":"https:\/\/archive.sana.sy\/tr\/index.php?rest_route=\/wp\/v2\/posts"}],"about":[{"href":"https:\/\/archive.sana.sy\/tr\/index.php?rest_route=\/wp\/v2\/types\/post"}],"author":[{"embeddable":true,"href":"https:\/\/archive.sana.sy\/tr\/index.php?rest_route=\/wp\/v2\/users\/1"}],"replies":[{"embeddable":true,"href":"https:\/\/archive.sana.sy\/tr\/index.php?rest_route=%2Fwp%2Fv2%2Fcomments&post=4952"}],"version-history":[{"count":0,"href":"https:\/\/archive.sana.sy\/tr\/index.php?rest_route=\/wp\/v2\/posts\/4952\/revisions"}],"wp:featuredmedia":[{"embeddable":true,"href":"https:\/\/archive.sana.sy\/tr\/index.php?rest_route=\/wp\/v2\/media\/4955"}],"wp:attachment":[{"href":"https:\/\/archive.sana.sy\/tr\/index.php?rest_route=%2Fwp%2Fv2%2Fmedia&parent=4952"}],"wp:term":[{"taxonomy":"category","embeddable":true,"href":"https:\/\/archive.sana.sy\/tr\/index.php?rest_route=%2Fwp%2Fv2%2Fcategories&post=4952"},{"taxonomy":"post_tag","embeddable":true,"href":"https:\/\/archive.sana.sy\/tr\/index.php?rest_route=%2Fwp%2Fv2%2Ftags&post=4952"}],"curies":[{"name":"wp","href":"https:\/\/api.w.org\/{rel}","templated":true}]}}