{"id":49656,"date":"2015-10-16T16:45:06","date_gmt":"2015-10-16T13:45:06","guid":{"rendered":"http:\/\/sana.sy\/tr\/?p=49656"},"modified":"2015-10-16T16:45:06","modified_gmt":"2015-10-16T13:45:06","slug":"askeri-kaynak-hava-guclerimizin-halep-kirsali-huvaycne-kasir-el-vard-cub-el-safa-tel-sebin-ve-naseriye-bolgelerinde-yuksek-sayida-teroristi-oldurduklerini-aktardi","status":"publish","type":"post","link":"https:\/\/archive.sana.sy\/tr\/?p=49656","title":{"rendered":"Askeri kaynak; hava g\u00fc\u00e7lerimizin Halep k\u0131rsal\u0131 Huvaycne, Kasir el Vard, Cub el Safa, Tel Sebin ve Naseriye b\u00f6lgelerinde y\u00fcksek say\u0131da ter\u00f6risti \u00f6ld\u00fcrd\u00fcklerini aktard\u0131"},"content":{"rendered":"<p>Askeri kaynak; hava g\u00fc\u00e7lerimizin Halep k\u0131rsal\u0131 Huvaycne, Kasir el Vard, Cub el Safa, Tel Sebin ve Naseriye b\u00f6lgelerinde y\u00fcksek say\u0131da ter\u00f6risti \u00f6ld\u00fcrd\u00fcklerini aktard\u0131<\/p>\n","protected":false},"excerpt":{"rendered":"<p>Askeri kaynak; hava g\u00fc\u00e7lerimizin Halep k\u0131rsal\u0131 Huvaycne, Kasir el Vard, Cub el Safa, Tel Sebin ve Naseriye b\u00f6lgelerinde y\u00fcksek say\u0131da ter\u00f6risti \u00f6ld\u00fcrd\u00fcklerini aktard\u0131<\/p>\n","protected":false},"author":1,"featured_media":0,"comment_status":"closed","ping_status":"closed","sticky":false,"template":"","format":"standard","meta":{"footnotes":""},"categories":[1],"tags":[17294,17296,17295,17297],"class_list":["post-49656","post","type-post","status-publish","format-standard","","category-news-not-sorted","tag-askeri-kaynak-hava-guclerimizin-halep-kirsali-huvaycne","tag-cub-el-safa","tag-kasir-el-vard","tag-tel-sebin-ve-naseriye-bolgelerinde-yuksek-sayida-teroristi-oldurduklerini-aktardi"],"_links":{"self":[{"href":"https:\/\/archive.sana.sy\/tr\/index.php?rest_route=\/wp\/v2\/posts\/49656","targetHints":{"allow":["GET"]}}],"collection":[{"href":"https:\/\/archive.sana.sy\/tr\/index.php?rest_route=\/wp\/v2\/posts"}],"about":[{"href":"https:\/\/archive.sana.sy\/tr\/index.php?rest_route=\/wp\/v2\/types\/post"}],"author":[{"embeddable":true,"href":"https:\/\/archive.sana.sy\/tr\/index.php?rest_route=\/wp\/v2\/users\/1"}],"replies":[{"embeddable":true,"href":"https:\/\/archive.sana.sy\/tr\/index.php?rest_route=%2Fwp%2Fv2%2Fcomments&post=49656"}],"version-history":[{"count":0,"href":"https:\/\/archive.sana.sy\/tr\/index.php?rest_route=\/wp\/v2\/posts\/49656\/revisions"}],"wp:attachment":[{"href":"https:\/\/archive.sana.sy\/tr\/index.php?rest_route=%2Fwp%2Fv2%2Fmedia&parent=49656"}],"wp:term":[{"taxonomy":"category","embeddable":true,"href":"https:\/\/archive.sana.sy\/tr\/index.php?rest_route=%2Fwp%2Fv2%2Fcategories&post=49656"},{"taxonomy":"post_tag","embeddable":true,"href":"https:\/\/archive.sana.sy\/tr\/index.php?rest_route=%2Fwp%2Fv2%2Ftags&post=49656"}],"curies":[{"name":"wp","href":"https:\/\/api.w.org\/{rel}","templated":true}]}}