{"id":49661,"date":"2015-10-16T16:51:12","date_gmt":"2015-10-16T13:51:12","guid":{"rendered":"http:\/\/sana.sy\/tr\/?p=49661"},"modified":"2015-10-16T16:51:12","modified_gmt":"2015-10-16T13:51:12","slug":"turkiye-rejimi-ve-suudi-arabistan-filistin-davasini-tasfiye-etmeye-calisiyor","status":"publish","type":"post","link":"https:\/\/archive.sana.sy\/tr\/?p=49661","title":{"rendered":"T\u00fcrkiye Rejimi ve Suudi Arabistan Filistin Davas\u0131n\u0131 Tasfiye Etmeye \u00c7al\u0131\u015f\u0131yor"},"content":{"rendered":"<p>\u015eAM \u2013 D\u0131\u015fi\u015fleri ve Gurbet\u00e7iler Bakan\u0131 Yard\u0131mc\u0131s\u0131 Faysal Mikdat; Rusya&#8217;n\u0131n Suriye&#8217;deki hava operasyonlar\u0131n\u0131n, ABD ve m\u00fcttefiklerinin ter\u00f6rle m\u00fccadele iddialar\u0131n\u0131n sahteli\u011fini de\u015fifre etti\u011fini belirtti.<\/p>\n<p>Alem Televizyonu ile m\u00fclakat\u0131nda Mikdat; Rusya&#8217;n\u0131n ABD ve m\u00fcttefiklerinin ter\u00f6rle m\u00fccadele skandal\u0131n\u0131 ortaya koydu\u011funu belirtirken, Rus hava g\u00fc\u00e7lerinin birka\u00e7 g\u00fcn s\u00fcren operasyonlar\u0131nda tekfirci \u00f6rg\u00fctleri olduk\u00e7a ciddi kay\u0131plara u\u011fratt\u0131\u011f\u0131n\u0131, ABD ve koalisyonunun ise 14 ayl\u0131k bir s\u00fcre i\u00e7inde hi\u00e7bir sonu\u00e7 vermedi\u011fine dikkat \u00e7ekti.<\/p>\n<p>Mikdat ABD ve koalisyonunda yer alan T\u00fcrkiye, Suudi Arabistan ve daha ba\u015fka devletlerin, Suriye ve t\u00fcm b\u00f6lge devletlerini par\u00e7alay\u0131p s\u00f6m\u00fcrmekten ba\u015fka hi\u00e7bir ama\u00e7lar\u0131 olmad\u0131\u011f\u0131n\u0131, t\u00fcm\u00fcn\u00fcn de I\u015e\u0130D dahil t\u00fcm ter\u00f6r \u00f6rg\u00fctleri sadece bir edat olarak kulland\u0131klar\u0131n\u0131 belirtti.<\/p>\n<p>Suriye&#8217;de ter\u00f6r\u00fc destekleyen g\u00fc\u00e7 ve devletlerin hala bu desteklerini s\u00fcrd\u00fcrd\u00fcklerini ve askeri \u00e7\u00f6z\u00fcm \u00fczerine bahis oynad\u0131klar\u0131na i\u015faret eden Mikdat; Suriye&#8217;nin ise her daim siyasi \u00e7\u00f6z\u00fcmden yana oldu\u011funu ve buna haz\u0131rl\u0131\u011f\u0131n\u0131 ifade etti\u011fini s\u00f6yledi. Mikdat Suriye&#8217;de siyasi \u00e7\u00f6z\u00fcm gereksinimlerinin gayet net ve a\u00e7\u0131k oldu\u011funa vurgu yaparken, geriye kalan tek \u015feyin kimi taraflar\u0131n bu ger\u00e7ekleri idrak etmeleri oldu\u011funun alt\u0131n\u0131 \u00e7izdi.<\/p>\n<p>Bakan Yard\u0131mc\u0131s\u0131 Mikdat; Suriye&#8217;nin siyasi \u00e7\u00f6z\u00fcmde ulusal \u00e7at\u0131 alt\u0131nda faaliyet g\u00f6steren istisnas\u0131z t\u00fcm muhalif g\u00fc\u00e7lerle diyaloga oturma ve taleplerini masaya yat\u0131rmaya haz\u0131r oldu\u011funun bir kez daha alt\u0131n\u0131 \u00e7izdi. Fakat d\u0131\u015f g\u00fc\u00e7lere tabi olan veya tekfirci ideolojiyle ter\u00f6r eylemlerinde bulunup muhalif olarak adland\u0131r\u0131lan taraflarla diyaloga oturman\u0131n hi\u00e7bir \u015fekilde kesinlikle m\u00fcmk\u00fcn olmad\u0131\u011f\u0131n\u0131 belirten Mikdat; Suriye&#8217;nin ne ge\u00e7mi\u015fte ne de gelecekte ulusal egemenlik ve ba\u011f\u0131ms\u0131zl\u0131\u011f\u0131ndan, halk\u0131n\u0131n kendi gelece\u011fini kendi elleriyle yap\u0131land\u0131rma hakk\u0131ndan \u00f6d\u00fcn vermesinin m\u00fcmk\u00fcn olmad\u0131\u011f\u0131n\u0131n yine bir kez daha alt\u0131n\u0131 \u00e7izdi.<\/p>\n<p>M\u0131s\u0131r\u2019\u0131n Rusya&#8217;n\u0131n Suriye&#8217;deki operasyonlar\u0131n\u0131 do\u011fru bir \u015fekilde idrak etmesi konusunda ise Mikdat, Suriye&#8217;nin bunu memnuniyetle kar\u015f\u0131lad\u0131\u011f\u0131n\u0131 ifade etti.<\/p>\n<p>Filistin davas\u0131 konusunda ise Mikdat; Filistinlilerin i\u015fgale kar\u015f\u0131 direnme haklar\u0131n\u0131n me\u015fru oldu\u011funu ve Suriye&#8217;nin bu haklar\u0131n\u0131 desteklemeye devam edece\u011fini vurgulad\u0131. Mikdat Suriye&#8217;nin maruz kald\u0131\u011f\u0131 t\u00fcm bu ter\u00f6r sava\u015f\u0131n\u0131n ba\u015fl\u0131ca nedenlerinden birinin Filistin davas\u0131na deste\u011fi oldu\u011funa dikkat \u00e7ekerken; Suriye&#8217;de ter\u00f6re her t\u00fcrl\u00fc deste\u011fi temin eden T\u00fcrkiye&#8217;deki rejim, Suudi Arabistan, Katar, ABD ve daha ba\u015fka devletlerin temel ama\u00e7lar\u0131n\u0131n da Filistin davas\u0131n\u0131 \u0130srail lehine tasfiye etmek oldu\u011funu vurgulad\u0131. BU rejimlerin ABD ve \u0130srail ile ba\u011flant\u0131lar\u0131na \u0131\u015f\u0131k tutan Mikdat; \u0130srail ve ABD ile dar \u00e7\u0131karlar\u0131 u\u011fruna Filistin davas\u0131n\u0131 satmaya \u00e7al\u0131\u015ft\u0131klar\u0131n\u0131 ifade etti.<\/p>\n<p>Mikdat Suudi Arabistan\u2019\u0131n Mekke ve hac\u0131lar\u0131 koruma ve organize etme g\u00fcc\u00fcne sahip olmad\u0131\u011f\u0131 bir zamanda Kud\u00fcs ve Aksa Mescidini savunmas\u0131n\u0131n m\u00fcmk\u00fcn olmad\u0131\u011f\u0131n\u0131 s\u00f6yledi.<\/p>\n","protected":false},"excerpt":{"rendered":"<p>\u015eAM \u2013 D\u0131\u015fi\u015fleri ve Gurbet\u00e7iler Bakan\u0131 Yard\u0131mc\u0131s\u0131 Faysal Mikdat; Rusya&#8217;n\u0131n Suriye&#8217;deki hava operasyonlar\u0131n\u0131n, ABD ve m\u00fcttefiklerinin ter\u00f6rle m\u00fccadele iddialar\u0131n\u0131n sahteli\u011fini de\u015fifre etti\u011fini belirtti. Alem Televizyonu ile m\u00fclakat\u0131nda Mikdat; Rusya&#8217;n\u0131n ABD ve m\u00fcttefiklerinin ter\u00f6rle m\u00fccadele skandal\u0131n\u0131 ortaya koydu\u011funu belirtirken, Rus hava g\u00fc\u00e7lerinin birka\u00e7 g\u00fcn s\u00fcren operasyonlar\u0131nda tekfirci \u00f6rg\u00fctleri olduk\u00e7a ciddi kay\u0131plara u\u011fratt\u0131\u011f\u0131n\u0131, ABD ve koalisyonunun ise &hellip;<\/p>\n","protected":false},"author":1,"featured_media":49662,"comment_status":"closed","ping_status":"closed","sticky":false,"template":"","format":"standard","meta":{"footnotes":""},"categories":[479,447,2554,2555,478],"tags":[17299],"class_list":["post-49661","post","type-post","status-publish","format-standard","has-post-thumbnail","","category-haberler-yerel","category-politika","category-suriye-ve-dunya","category-suriye-ve-turkiye","category-yerel","tag-turkiye-rejimi-ve-suudi-arabistan-filistin-davasini-tasfiye-etmeye-calisiyor"],"_links":{"self":[{"href":"https:\/\/archive.sana.sy\/tr\/index.php?rest_route=\/wp\/v2\/posts\/49661","targetHints":{"allow":["GET"]}}],"collection":[{"href":"https:\/\/archive.sana.sy\/tr\/index.php?rest_route=\/wp\/v2\/posts"}],"about":[{"href":"https:\/\/archive.sana.sy\/tr\/index.php?rest_route=\/wp\/v2\/types\/post"}],"author":[{"embeddable":true,"href":"https:\/\/archive.sana.sy\/tr\/index.php?rest_route=\/wp\/v2\/users\/1"}],"replies":[{"embeddable":true,"href":"https:\/\/archive.sana.sy\/tr\/index.php?rest_route=%2Fwp%2Fv2%2Fcomments&post=49661"}],"version-history":[{"count":0,"href":"https:\/\/archive.sana.sy\/tr\/index.php?rest_route=\/wp\/v2\/posts\/49661\/revisions"}],"wp:featuredmedia":[{"embeddable":true,"href":"https:\/\/archive.sana.sy\/tr\/index.php?rest_route=\/wp\/v2\/media\/49662"}],"wp:attachment":[{"href":"https:\/\/archive.sana.sy\/tr\/index.php?rest_route=%2Fwp%2Fv2%2Fmedia&parent=49661"}],"wp:term":[{"taxonomy":"category","embeddable":true,"href":"https:\/\/archive.sana.sy\/tr\/index.php?rest_route=%2Fwp%2Fv2%2Fcategories&post=49661"},{"taxonomy":"post_tag","embeddable":true,"href":"https:\/\/archive.sana.sy\/tr\/index.php?rest_route=%2Fwp%2Fv2%2Ftags&post=49661"}],"curies":[{"name":"wp","href":"https:\/\/api.w.org\/{rel}","templated":true}]}}