{"id":49795,"date":"2015-10-18T12:52:13","date_gmt":"2015-10-18T09:52:13","guid":{"rendered":"http:\/\/sana.sy\/tr\/?p=49795"},"modified":"2015-10-18T13:59:46","modified_gmt":"2015-10-18T10:59:46","slug":"homs-kirsalinda-tekfirci-orgutlere-karsi-operasyonlarini-surduren-ordu-birliklerimizden-bir-kaynak-sanaya-yaptigi-aciklamada-tafha-deyrful-teyr-maila-ve-ganto-bolgelerinde-teroristlerin-co","status":"publish","type":"post","link":"https:\/\/archive.sana.sy\/tr\/?p=49795","title":{"rendered":"Homs k\u0131rsal\u0131nda tekfirci \u00f6rg\u00fctlere kar\u015f\u0131 operasyonlar\u0131n\u0131 s\u00fcrd\u00fcren ordu birliklerimizden bir kaynak SANA\u2019ya yapt\u0131\u011f\u0131 a\u00e7\u0131klamada; Tafha, Deyrful, teyr Maila ve \u011eanto b\u00f6lgelerinde ter\u00f6ristlerin \u00e7ok say\u0131da ara\u00e7 ve karargahlar\u0131n\u0131n muhtevalar\u0131yla imha edildi\u011fini, operasyonlarda aralar\u0131nda tehlikeli isimlerin bulundu\u011fu onlarca ter\u00f6ristin \u00f6ld\u00fcr\u00fcld\u00fc\u011f\u00fcn\u00fc aktard\u0131."},"content":{"rendered":"<p>Homs k\u0131rsal\u0131nda tekfirci \u00f6rg\u00fctlere kar\u015f\u0131 operasyonlar\u0131n\u0131 s\u00fcrd\u00fcren ordu birliklerimizden bir kaynak SANA\u2019ya yapt\u0131\u011f\u0131 a\u00e7\u0131klamada; Tafha, Deyrful, teyr Maila ve \u011eanto b\u00f6lgelerinde ter\u00f6ristlerin \u00e7ok say\u0131da ara\u00e7 ve karargahlar\u0131n\u0131n muhtevalar\u0131yla imha edildi\u011fini, operasyonlarda aralar\u0131nda tehlikeli isimlerin bulundu\u011fu onlarca ter\u00f6ristin \u00f6ld\u00fcr\u00fcld\u00fc\u011f\u00fcn\u00fc aktard\u0131.<\/p>\n","protected":false},"excerpt":{"rendered":"<p>Homs k\u0131rsal\u0131nda tekfirci \u00f6rg\u00fctlere kar\u015f\u0131 operasyonlar\u0131n\u0131 s\u00fcrd\u00fcren ordu birliklerimizden bir kaynak SANA\u2019ya yapt\u0131\u011f\u0131 a\u00e7\u0131klamada; Tafha, Deyrful, teyr Maila ve \u011eanto b\u00f6lgelerinde ter\u00f6ristlerin \u00e7ok say\u0131da ara\u00e7 ve karargahlar\u0131n\u0131n muhtevalar\u0131yla imha edildi\u011fini, operasyonlarda aralar\u0131nda tehlikeli isimlerin bulundu\u011fu onlarca ter\u00f6ristin \u00f6ld\u00fcr\u00fcld\u00fc\u011f\u00fcn\u00fc aktard\u0131.<\/p>\n","protected":false},"author":1,"featured_media":0,"comment_status":"closed","ping_status":"closed","sticky":false,"template":"","format":"standard","meta":{"footnotes":""},"categories":[1],"tags":[],"class_list":["post-49795","post","type-post","status-publish","format-standard","","category-news-not-sorted"],"_links":{"self":[{"href":"https:\/\/archive.sana.sy\/tr\/index.php?rest_route=\/wp\/v2\/posts\/49795","targetHints":{"allow":["GET"]}}],"collection":[{"href":"https:\/\/archive.sana.sy\/tr\/index.php?rest_route=\/wp\/v2\/posts"}],"about":[{"href":"https:\/\/archive.sana.sy\/tr\/index.php?rest_route=\/wp\/v2\/types\/post"}],"author":[{"embeddable":true,"href":"https:\/\/archive.sana.sy\/tr\/index.php?rest_route=\/wp\/v2\/users\/1"}],"replies":[{"embeddable":true,"href":"https:\/\/archive.sana.sy\/tr\/index.php?rest_route=%2Fwp%2Fv2%2Fcomments&post=49795"}],"version-history":[{"count":0,"href":"https:\/\/archive.sana.sy\/tr\/index.php?rest_route=\/wp\/v2\/posts\/49795\/revisions"}],"wp:attachment":[{"href":"https:\/\/archive.sana.sy\/tr\/index.php?rest_route=%2Fwp%2Fv2%2Fmedia&parent=49795"}],"wp:term":[{"taxonomy":"category","embeddable":true,"href":"https:\/\/archive.sana.sy\/tr\/index.php?rest_route=%2Fwp%2Fv2%2Fcategories&post=49795"},{"taxonomy":"post_tag","embeddable":true,"href":"https:\/\/archive.sana.sy\/tr\/index.php?rest_route=%2Fwp%2Fv2%2Ftags&post=49795"}],"curies":[{"name":"wp","href":"https:\/\/api.w.org\/{rel}","templated":true}]}}