{"id":4985,"date":"2014-07-10T12:07:55","date_gmt":"2014-07-10T09:07:55","guid":{"rendered":"http:\/\/www.sana.sy\/tr\/?p=4985"},"modified":"2014-07-10T12:07:55","modified_gmt":"2014-07-10T09:07:55","slug":"suriyeli-asiretler-forumu-samda-dama-rose-otelinde-faaliyetlerine-basladi","status":"publish","type":"post","link":"https:\/\/archive.sana.sy\/tr\/?p=4985","title":{"rendered":"Suriyeli A\u015firetler Forumu \u015eam\u2019da Dama Rose Otelinde Faaliyetlerine Ba\u015flad\u0131"},"content":{"rendered":"<p>Suriyeli A\u015firetler Forumu \u015eam\u2019da Dama Rose Otelinde Faaliyetlerine Ba\u015flad\u0131<\/p>\n","protected":false},"excerpt":{"rendered":"<p>Suriyeli A\u015firetler Forumu \u015eam\u2019da Dama Rose Otelinde Faaliyetlerine Ba\u015flad\u0131<\/p>\n","protected":false},"author":1,"featured_media":0,"comment_status":"closed","ping_status":"closed","sticky":false,"template":"","format":"standard","meta":{"footnotes":""},"categories":[1],"tags":[1090],"class_list":["post-4985","post","type-post","status-publish","format-standard","","category-news-not-sorted","tag-suriyeli-asiretler-forumu-samda-dama-rose-otelinde-faaliyetlerine-basladi"],"_links":{"self":[{"href":"https:\/\/archive.sana.sy\/tr\/index.php?rest_route=\/wp\/v2\/posts\/4985","targetHints":{"allow":["GET"]}}],"collection":[{"href":"https:\/\/archive.sana.sy\/tr\/index.php?rest_route=\/wp\/v2\/posts"}],"about":[{"href":"https:\/\/archive.sana.sy\/tr\/index.php?rest_route=\/wp\/v2\/types\/post"}],"author":[{"embeddable":true,"href":"https:\/\/archive.sana.sy\/tr\/index.php?rest_route=\/wp\/v2\/users\/1"}],"replies":[{"embeddable":true,"href":"https:\/\/archive.sana.sy\/tr\/index.php?rest_route=%2Fwp%2Fv2%2Fcomments&post=4985"}],"version-history":[{"count":0,"href":"https:\/\/archive.sana.sy\/tr\/index.php?rest_route=\/wp\/v2\/posts\/4985\/revisions"}],"wp:attachment":[{"href":"https:\/\/archive.sana.sy\/tr\/index.php?rest_route=%2Fwp%2Fv2%2Fmedia&parent=4985"}],"wp:term":[{"taxonomy":"category","embeddable":true,"href":"https:\/\/archive.sana.sy\/tr\/index.php?rest_route=%2Fwp%2Fv2%2Fcategories&post=4985"},{"taxonomy":"post_tag","embeddable":true,"href":"https:\/\/archive.sana.sy\/tr\/index.php?rest_route=%2Fwp%2Fv2%2Ftags&post=4985"}],"curies":[{"name":"wp","href":"https:\/\/api.w.org\/{rel}","templated":true}]}}