{"id":4989,"date":"2014-07-10T17:00:47","date_gmt":"2014-07-10T14:00:47","guid":{"rendered":"http:\/\/www.sana.sy\/tr\/?p=4989"},"modified":"2014-07-11T15:35:46","modified_gmt":"2014-07-11T12:35:46","slug":"kahraman-ordu-birliklerinin-terore-yonelik-basarilari-suruyor","status":"publish","type":"post","link":"https:\/\/archive.sana.sy\/tr\/?p=4989","title":{"rendered":"Kahraman Ordu Birliklerinin Ter\u00f6re Y\u00f6nelik Ba\u015far\u0131lar\u0131 S\u00fcr\u00fcyor"},"content":{"rendered":"<p>\u0130LLER &#8211; Ordu ve silahl\u0131 kuvvetlerimize tabi birliklerimizin eli kanl\u0131 silahl\u0131 ter\u00f6r gruplar\u0131na y\u00f6nelik ba\u015far\u0131l\u0131 operasyonlar\u0131 s\u00fcrerken ter\u00f6ristlerin g\u00fcvenli b\u00f6lgelere s\u0131zma giri\u015fimleri \u00e7\u00f6kertiliyor.<\/p>\n<p>Halep\u2019te \u00c7ok Say\u0131da Ter\u00f6rist \u00d6ld\u00fcr\u00fcld\u00fc S\u0131zma Giri\u015fimleri de \u00c7\u00f6kertildi<\/p>\n<p>Ordu ve silahl\u0131 kuvvetlerimize tabi birliklerimiz Halep ve k\u0131rsal\u0131nda toplanma merkezleri ve h\u00fccrelerine y\u00f6nelik operasyonlarda \u00e7ok say\u0131da ter\u00f6rist \u00f6ld\u00fcr\u00fcld\u00fc bir ter\u00f6rist grubun s\u0131zma giri\u015fimi de \u00e7\u00f6kertildi.<\/p>\n<p>Askeri kaynak SANA muhabirine a\u00e7\u0131klamas\u0131nda birliklerimizin Halep ve k\u0131rsal\u0131ndaki Atareb, Kuveyris, Hasin,Daret Ezza, K\u0131bbetan el Cebel, Serbest B\u00f6lgenin Kuzeyi,Tel Sosin, \u015eeyh Said,Fahu\u0131r, Kefar Hamra\u2019da ter\u00f6rixstlerin toplanma merkezleri ve h\u00fccrelerini hedef almas\u0131 sonucunda \u00e7ok say\u0131da ter\u00f6rist \u00f6l\u00fc ve yaral\u0131 d\u00fc\u015f\u00fcr\u00fcl\u00fcrken ter\u00f6ristlere ait ara\u00e7lar etkisiz hale getirildi.<\/p>\n<p>Kaynak, ordu birliklerimizin silahl\u0131 bir ter\u00f6r grubunu n Halep kentindeki tohum fabrikas\u0131 b\u00f6lgesinden g\u00fcvenli b\u00f6lgelere s\u0131zma giri\u015fimlerini \u00e7\u00f6kerterek elemanlar\u0131n\u0131 \u00f6l\u00fc ve yaral\u0131 d\u00fc\u015f\u00fcrd\u00fc.<\/p>\n<p>Dera ve K\u0131rsal\u0131nda \u00c7ok Say\u0131da Ter\u00f6rist \u00d6l\u00fc ve Yaral\u0131 D\u00fc\u015f\u00fcr\u00fcld\u00fc<\/p>\n<p>Askeri kaynak SANA\u2019ya a\u00e7\u0131klamas\u0131nda, ordu birliklerimizin Tafas, Tel \u015eihab, Mzeyrib, Beldeleri ve Atman Beldesindeki Ye\u015fil Cami \u00e7evresinde \u00e7ok say\u0131da ter\u00f6risti \u00f6l\u00fc ve yaral\u0131 d\u00fc\u015f\u00fcrd\u00fcklerini el Gazlan Beldesinde i\u00e7indeki ter\u00f6ristlerle birlikte bir ara\u00e7lar\u0131n\u0131 imha eti\u011fini belirtti.<\/p>\n<p>Kaynak, Tsil-Neva yolu, Tel el Cumu do\u011fusu, Semlin Zemrin kav\u015fa\u011f\u0131ndaki Kisara b\u00f6lgesi, Atman Beldesi Siyah Camii Bat\u0131s\u0131, Tsil, Advan ve Semlin\u2019in Kuzeydo\u011fusunda ter\u00f6ristlerin toplanma merkezlerinin hedef al\u0131narak ter\u00f6ristlerin saflar\u0131nda \u00e7ok say\u0131da eleman\u0131n \u00f6l\u00fc ve yaral\u0131 d\u00fc\u015f\u00fcr\u00fcld\u00fc\u011f\u00fcn\u00fc s\u00f6yledi.<\/p>\n<p>Kaynak, birliklerimizin Harap \u015eahm \u2013 Dera Beled aras\u0131nda i\u00e7indeki ter\u00f6ristlerle birlikte bir ara\u00e7 konvoyunu etkisiz hale getirdiklerini eski g\u00fcmr\u00fc\u011f\u00fcn g\u00fcneydo\u011fusundaki Masara\u2019n\u0131n \u00e7evresi ve El Masri Bulvar\u0131nda \u00e7ok say\u0131da ter\u00f6risti \u00f6ld\u00fcrd\u00fcklerini ifade etti.<\/p>\n<p>\u00d6te yandan ordu birliklerimiz, biri Neva Beldesinden Tel el Hu\u015f, di\u011feriyse el Hirak kentinden Dera k\u0131rsal\u0131ndaki bir askeri kontrol noktas\u0131na y\u00f6nelik iki ter\u00f6rist grubun s\u0131zma giri\u015fimlerini \u00e7\u00f6kertti, \u00e7ok say\u0131da ter\u00f6risti \u00f6ld\u00fcrerek geri kalanlar\u0131 ise yaralad\u0131.<\/p>\n<p>Bu arada askeri kaynak, Dera do\u011fu k\u0131rsal\u0131 Kahil Beldesinde ter\u00f6rist eleba\u015flar\u0131na ait bir h\u00fccrenin askeri birliklerimiz taraf\u0131ndan hedef al\u0131nd\u0131\u011f\u0131n\u0131 \u00e7ok say\u0131da eleba\u015f\u0131n\u0131 \u00f6ld\u00fcrerek baz\u0131 ara\u00e7lar\u0131n\u0131 da imha ettiklerini s\u00f6yledi.<\/p>\n<p>Homs K\u0131rsal\u0131nda Ter\u00f6ristlerin Ara\u00e7lar\u0131 ve Su\u00e7 Edatlar\u0131 \u0130mha Edildi<\/p>\n<p>Homs K\u0131rsal\u0131nda ise ordu birliklerimiz askeri kayna\u011f\u0131n SANA\u2019ya a\u00e7\u0131klamas\u0131na g\u00f6re, biri Rahum \u2013 Masada, di\u011feriyse Ar\u015fune yolu \u00fczerinde iki ter\u00f6rist grubunun t\u00fcm elemanlar\u0131n\u0131 \u00f6l\u00fc ve yaral\u0131 d\u00fc\u015f\u00fcrd\u00fc\u011f\u00fcn\u00fc s\u00f6yledi.<\/p>\n<p>Kaynak, \u011eacar \u2013 Resten yolu, Telbise Ayn H\u00fcseyin ve Um \u015eer\u015fuh\u2019da ter\u00f6rist gruplar\u0131 hedef ald\u0131klar\u0131n\u0131 saflar\u0131nda \u00f6l\u00fc ve yaral\u0131lar\u0131n d\u00fc\u015f\u00fcr\u00fcld\u00fc\u011f\u00fcn\u00fc Tel ebu el Senabil\u2019de ise i\u00e7indeki ter\u00f6ristlerle birlikte iki ara\u00e7lar\u0131n\u0131 da imha etti\u011fini ifade etti.<\/p>\n<p>Hama Kuzey K\u0131rsal\u0131 Morik Beldesinde \u00c7ok Say\u0131da Ter\u00f6rist \u00d6ld\u00fcr\u00fcld\u00fc<\/p>\n<p>Askeri kaynak SANA\u2019ya a\u00e7\u0131klamas\u0131nda ordu ve silahl\u0131 kuvvetlerimize tabi birliklerin HAMA kuzey k\u0131rsal\u0131 Morik Beldesinde \u00e7ok say\u0131da ter\u00f6ristin \u00f6ld\u00fcr\u00fclerek baz\u0131lar\u0131n\u0131n ise yaraland\u0131\u011f\u0131n\u0131 ifade etti.<\/p>\n<p>Kaynak \u00f6te yandan, yetkili birimlerin Hama \u2013 Kefarbehum yolu \u00fczerinde \u00e7imento po\u015fetleri dahilinde gizlenmi\u015f muhtelif t\u00fcr cephaneyle dolu bir ara\u00e7 ele ge\u00e7irdi\u011fini ifade etti.<\/p>\n<p>\u0130dlib&#8217;te Ter\u00f6rist Havan Sald\u0131r\u0131s\u0131nda 1 \u015eehit 2 Yaral\u0131<\/p>\n<p>Ter\u00f6ristlerin \u0130dlib kentine f\u0131rlatt\u0131klar\u0131 havan mermilerinin d\u00fc\u015fmesi sonucunda 1 vatanda\u015f \u015fehit d\u00fc\u015ft\u00fc 2 ki\u015fi de yaraland\u0131.<\/p>\n<p>Emniyet kayna\u011f\u0131 SANA muhabirine a\u00e7\u0131klamas\u0131nda, ter\u00f6ristlerin d\u00fcn ak\u015fam \u0130dlib kentine bir ka\u00e7 havan mermisi f\u0131rlatt\u0131klar\u0131n\u0131 bunun sonucunda bir vatanda\u015f\u0131n \u015fehit d\u00fc\u015ft\u00fc\u011f\u00fcn\u00fc iki vatanda\u015f\u0131n da yaraland\u0131\u011f\u0131n\u0131, yaralanan ki\u015filerin tedavi edilmek \u00fczere hastaneye kald\u0131r\u0131ld\u0131klar\u0131n\u0131 s\u00f6yledi.<\/p>\n<p>Kaynak, ter\u00f6r sald\u0131r\u0131s\u0131n\u0131n ayr\u0131ca vatanda\u015flar\u0131n ara\u00e7 ve m\u00fclklerinde b\u00fcy\u00fck maddi hasarlara yol a\u00e7t\u0131\u011f\u0131n\u0131 ifade etti.<\/p>\n<p>Bu arada askeri kaynak, ordu birliklerimizin silahl\u0131 bir ter\u00f6rist grubun \u0130dlib kenti \u00e7evresindeki elektrik santraline sald\u0131r\u0131 giri\u015fimini \u00e7\u00f6kerterek \u00e7ok say\u0131da ter\u00f6risti \u00f6l\u00fc ve yaral\u0131 d\u00fc\u015f\u00fcrd\u00fc\u011f\u00fcn\u00fc a\u011f\u0131r taramal\u0131 silahla donat\u0131lm\u0131\u015f bir ara\u00e7lar\u0131n\u0131 da imha etti\u011fini belirtti.<\/p>\n<p>Kaynak, ordu birliklerimizin \u0130dlib k\u0131rsal\u0131 Kefarlata, Mecdelya, Bekfelun, Cidar Bekfelun, Kaminas, Beldeleri ile Cebel el Erbain Da\u011f\u0131 \u00e7evresinde ter\u00f6ristlerin h\u00fccre ve toplanma merkezlerinin hedef al\u0131narak \u00e7ok say\u0131da ter\u00f6risti \u00f6l\u00fc ve yaral\u0131 d\u00fc\u015f\u00fcrd\u00fc\u011f\u00fcn\u00fc a\u00e7\u0131klad\u0131.<\/p>\n<p>Kam\u0131\u015fl\u0131 K\u0131rsal\u0131nda Ter\u00f6rist Toplanma Merkezleri Hedef Al\u0131nd\u0131<\/p>\n<p>Ordu birliklerimizin Kam\u0131\u015fl\u0131 k\u0131rsal\u0131 Tel Sutayh Garbi ve Abu Kasayeb b\u00f6lgesinde ter\u00f6ristlerin toplanma merkezlerini hedef almalar\u0131 sonucunda \u00e7ok say\u0131da ter\u00f6risti \u00f6l\u00fc ve yaral\u0131 d\u00fc\u015f\u00fcrd\u00fc.<\/p>\n","protected":false},"excerpt":{"rendered":"<p>\u0130LLER &#8211; Ordu ve silahl\u0131 kuvvetlerimize tabi birliklerimizin eli kanl\u0131 silahl\u0131 ter\u00f6r gruplar\u0131na y\u00f6nelik ba\u015far\u0131l\u0131 operasyonlar\u0131 s\u00fcrerken ter\u00f6ristlerin g\u00fcvenli b\u00f6lgelere s\u0131zma giri\u015fimleri \u00e7\u00f6kertiliyor. Halep\u2019te \u00c7ok Say\u0131da Ter\u00f6rist \u00d6ld\u00fcr\u00fcld\u00fc S\u0131zma Giri\u015fimleri de \u00c7\u00f6kertildi Ordu ve silahl\u0131 kuvvetlerimize tabi birliklerimiz Halep ve k\u0131rsal\u0131nda toplanma merkezleri ve h\u00fccrelerine y\u00f6nelik operasyonlarda \u00e7ok say\u0131da ter\u00f6rist \u00f6ld\u00fcr\u00fcld\u00fc bir ter\u00f6rist grubun s\u0131zma &hellip;<\/p>\n","protected":false},"author":1,"featured_media":4990,"comment_status":"closed","ping_status":"closed","sticky":false,"template":"","format":"standard","meta":{"footnotes":""},"categories":[575],"tags":[1091],"class_list":["post-4989","post","type-post","status-publish","format-standard","has-post-thumbnail","","category-olaylar-ve-gercekler","tag-kahraman-ordu-birliklerinin-terore-yonelik-basarilari-suruyor"],"_links":{"self":[{"href":"https:\/\/archive.sana.sy\/tr\/index.php?rest_route=\/wp\/v2\/posts\/4989","targetHints":{"allow":["GET"]}}],"collection":[{"href":"https:\/\/archive.sana.sy\/tr\/index.php?rest_route=\/wp\/v2\/posts"}],"about":[{"href":"https:\/\/archive.sana.sy\/tr\/index.php?rest_route=\/wp\/v2\/types\/post"}],"author":[{"embeddable":true,"href":"https:\/\/archive.sana.sy\/tr\/index.php?rest_route=\/wp\/v2\/users\/1"}],"replies":[{"embeddable":true,"href":"https:\/\/archive.sana.sy\/tr\/index.php?rest_route=%2Fwp%2Fv2%2Fcomments&post=4989"}],"version-history":[{"count":0,"href":"https:\/\/archive.sana.sy\/tr\/index.php?rest_route=\/wp\/v2\/posts\/4989\/revisions"}],"wp:featuredmedia":[{"embeddable":true,"href":"https:\/\/archive.sana.sy\/tr\/index.php?rest_route=\/wp\/v2\/media\/4990"}],"wp:attachment":[{"href":"https:\/\/archive.sana.sy\/tr\/index.php?rest_route=%2Fwp%2Fv2%2Fmedia&parent=4989"}],"wp:term":[{"taxonomy":"category","embeddable":true,"href":"https:\/\/archive.sana.sy\/tr\/index.php?rest_route=%2Fwp%2Fv2%2Fcategories&post=4989"},{"taxonomy":"post_tag","embeddable":true,"href":"https:\/\/archive.sana.sy\/tr\/index.php?rest_route=%2Fwp%2Fv2%2Ftags&post=4989"}],"curies":[{"name":"wp","href":"https:\/\/api.w.org\/{rel}","templated":true}]}}