{"id":4992,"date":"2014-07-11T13:50:46","date_gmt":"2014-07-11T10:50:46","guid":{"rendered":"http:\/\/www.sana.sy\/tr\/?p=4992"},"modified":"2014-07-13T10:40:56","modified_gmt":"2014-07-13T07:40:56","slug":"hama-taksis-beldesinde-teroristler-bir-aileye-karsi-katliam-isledi","status":"publish","type":"post","link":"https:\/\/archive.sana.sy\/tr\/?p=4992","title":{"rendered":"Hama Taksis Beldesinde Ter\u00f6ristler Bir Aileye Kar\u015f\u0131 Katliam \u0130\u015fledi"},"content":{"rendered":"<p><span style=\"color: #800000\">\u0130LLER\u00a0\u2013<\/span> Silahl\u0131 bir ter\u00f6r grubu d\u00fcn\u00a0sabah G\u00fcney Hama K\u0131rsal\u0131 Taksis Beldesinde bir aileye kar\u015f\u0131 katliam d\u00fczenledi. Katliam sonucunda 3 kad\u0131n \u015fehit d\u00fc\u015ferken bir d\u00f6rd\u00fcnc\u00fcs\u00fc yaraland\u0131 ailenin bir ferdi de ka\u00e7\u0131r\u0131ld\u0131.<\/p>\n<p>Hama Emniyet M\u00fcd\u00fcrl\u00fc\u011f\u00fcnde bir kaynak SANA\u2019ya a\u00e7\u0131klamas\u0131nda, s\u00f6z konusu ter\u00f6rist grubun Resten taraflar\u0131ndan Taksis Beldesine s\u0131zarak tek aileden 3 kad\u0131n\u0131 b\u0131\u00e7akla keserek ba\u015flar\u0131n\u0131 bedenlerinden ay\u0131rd\u0131klar\u0131n\u0131, cesetlerini de parampar\u00e7a ettiklerini bir di\u011fer kad\u0131n\u0131n \u00fczerine ise ate\u015f a\u00e7malar\u0131 sonucunda yaralad\u0131klar\u0131n\u0131 aileden bir ferdi de me\u00e7hul bir y\u00f6ne ka\u00e7\u0131rd\u0131klar\u0131n\u0131 ifade etti.<\/p>\n<p>Ter\u00f6rist Bir Grup Kudseyya\u2019da Ulusal Uzla\u015fma Komite \u00dcyesine Suikast Eylemi<\/p>\n<p>Silahl\u0131 bir ter\u00f6rist grubu bu sabah \u015eam K\u0131rsal\u0131 Kudseyya kentinde ulusal uzla\u015fma komite \u00fcyesi Muhammed Mervan Hammude\u2019ye y\u00f6nelik d\u00fczenledi\u011fi suikast giri\u015fimi sonucunda \u015fehit d\u00fc\u015ft\u00fc.<\/p>\n<p>Emniyet M\u00fcd\u00fcrl\u00fc\u011f\u00fcnden bir kaynak SANA muhabirine a\u00e7\u0131klamas\u0131nda, ter\u00f6r grubunun bug\u00fcn sabah namaz\u0131 esnas\u0131nda Hammude\u2019nin evini basarak kendisine ate\u015f a\u00e7t\u0131klar\u0131n\u0131 ve yerinde \u015fehit d\u00fc\u015ft\u00fc\u011f\u00fcn\u00fc s\u00f6yledi.<\/p>\n<p>Ge\u00e7en May\u0131s ay\u0131nda da Kudseyya\u2019da ulusal uzal\u015fma komite \u00fcyelerinden Halit Bu\u015fi ve Isam Salhani silahl\u0131 ter\u00f6r gruplar\u0131n\u0131n sald\u0131r\u0131lar\u0131 sonucunda yaralanm\u0131\u015f yine ge\u00e7en \u015eubat ay\u0131nda Kudseyya Ulusal Uzla\u015fma Komitesi Ba\u015fkan\u0131 Adil Misto\u2019nun arac\u0131na ate\u015f a\u00e7m\u0131\u015flard\u0131.<\/p>\n<p>Hama Vatan Hastanesi M\u00fcd\u00fcr\u00fc Selim Halluf, hastaneye bug\u00fcn 3 kad\u0131n cesedinin vard\u0131\u011f\u0131n\u0131 cesetler \u00fczerinde ate\u015f, ve b\u0131\u00e7ak izlerinin bulundu\u011funu ve ba\u015flar\u0131n\u0131n kesilmi\u015f bir halde getirildiklerini bir kad\u0131n\u0131n da \u00e7ok a\u011f\u0131r bir \u015fekilde yaral\u0131 olarak yeti\u015ftirildi\u011fini durumunun ise ciddiyetini halen korudu\u011funu vurgulad\u0131.<\/p>\n<p>\u00d6te yandan \u015eam K\u0131rsal\u0131 Tel kentinde ulusal uzla\u015fma komitesi \u00fcyesi Ammar Hatip, 14 ya\u015f\u0131ndaki o\u011flu \u0130sra ve bir vatanda\u015f silahl\u0131 bir ter\u00f6r grubunun el Ba\u015fa Camii yak\u0131nlar\u0131nda hedef almas\u0131 sonucunda \u015fehit d\u00fc\u015ft\u00fc.<\/p>\n<p>Emniyet kayna\u011f\u0131 yapt\u0131\u011f\u0131 a\u00e7\u0131klamada, ter\u00f6ristlerin a\u00e7t\u0131\u011f\u0131 ate\u015f sonucunda el Hatip, o\u011flu ve bir vatanda\u015f\u0131n olay yerinde \u015fehit d\u00fc\u015ft\u00fcklerini s\u00f6yledi.<\/p>\n<p>Ge\u00e7en \u015eubat ay\u0131nda da Tel kenti Ticaret Lisesi M\u00fcd\u00fcr\u00fc ve Harasta\u2019da Ulusal Uzla\u015fma Komitesi \u00fcyesi S\u00fcleyman Selus silahl\u0131 ter\u00f6rist gruplarca suikasta kurban gitmi\u015fti.<\/p>\n","protected":false},"excerpt":{"rendered":"<p>\u0130LLER\u00a0\u2013 Silahl\u0131 bir ter\u00f6r grubu d\u00fcn\u00a0sabah G\u00fcney Hama K\u0131rsal\u0131 Taksis Beldesinde bir aileye kar\u015f\u0131 katliam d\u00fczenledi. Katliam sonucunda 3 kad\u0131n \u015fehit d\u00fc\u015ferken bir d\u00f6rd\u00fcnc\u00fcs\u00fc yaraland\u0131 ailenin bir ferdi de ka\u00e7\u0131r\u0131ld\u0131. Hama Emniyet M\u00fcd\u00fcrl\u00fc\u011f\u00fcnde bir kaynak SANA\u2019ya a\u00e7\u0131klamas\u0131nda, s\u00f6z konusu ter\u00f6rist grubun Resten taraflar\u0131ndan Taksis Beldesine s\u0131zarak tek aileden 3 kad\u0131n\u0131 b\u0131\u00e7akla keserek ba\u015flar\u0131n\u0131 bedenlerinden ay\u0131rd\u0131klar\u0131n\u0131, &hellip;<\/p>\n","protected":false},"author":1,"featured_media":4993,"comment_status":"closed","ping_status":"closed","sticky":false,"template":"","format":"standard","meta":{"footnotes":""},"categories":[575],"tags":[1092],"class_list":["post-4992","post","type-post","status-publish","format-standard","has-post-thumbnail","","category-olaylar-ve-gercekler","tag-hama-taksis-beldesinde-teroristler-bir-aileye-karsi-katliam-isledi"],"_links":{"self":[{"href":"https:\/\/archive.sana.sy\/tr\/index.php?rest_route=\/wp\/v2\/posts\/4992","targetHints":{"allow":["GET"]}}],"collection":[{"href":"https:\/\/archive.sana.sy\/tr\/index.php?rest_route=\/wp\/v2\/posts"}],"about":[{"href":"https:\/\/archive.sana.sy\/tr\/index.php?rest_route=\/wp\/v2\/types\/post"}],"author":[{"embeddable":true,"href":"https:\/\/archive.sana.sy\/tr\/index.php?rest_route=\/wp\/v2\/users\/1"}],"replies":[{"embeddable":true,"href":"https:\/\/archive.sana.sy\/tr\/index.php?rest_route=%2Fwp%2Fv2%2Fcomments&post=4992"}],"version-history":[{"count":0,"href":"https:\/\/archive.sana.sy\/tr\/index.php?rest_route=\/wp\/v2\/posts\/4992\/revisions"}],"wp:featuredmedia":[{"embeddable":true,"href":"https:\/\/archive.sana.sy\/tr\/index.php?rest_route=\/wp\/v2\/media\/4993"}],"wp:attachment":[{"href":"https:\/\/archive.sana.sy\/tr\/index.php?rest_route=%2Fwp%2Fv2%2Fmedia&parent=4992"}],"wp:term":[{"taxonomy":"category","embeddable":true,"href":"https:\/\/archive.sana.sy\/tr\/index.php?rest_route=%2Fwp%2Fv2%2Fcategories&post=4992"},{"taxonomy":"post_tag","embeddable":true,"href":"https:\/\/archive.sana.sy\/tr\/index.php?rest_route=%2Fwp%2Fv2%2Ftags&post=4992"}],"curies":[{"name":"wp","href":"https:\/\/api.w.org\/{rel}","templated":true}]}}