{"id":4997,"date":"2014-07-10T16:20:06","date_gmt":"2014-07-10T13:20:06","guid":{"rendered":"http:\/\/www.sana.sy\/tr\/?p=4997"},"modified":"2014-07-10T16:20:06","modified_gmt":"2014-07-10T13:20:06","slug":"bm-komiserligi-suriyenin-kuzeydogusuna-11-insani-yardim-hava-seferi-duzenliyor","status":"publish","type":"post","link":"https:\/\/archive.sana.sy\/tr\/?p=4997","title":{"rendered":"BM Komiserli\u011fi Suriye\u2019nin Kuzeydo\u011fusuna 11 \u0130nsani Yard\u0131m Hava Seferi D\u00fczenliyor"},"content":{"rendered":"<p>\u015eAM \u2013 M\u00fclteci \u0130\u015flerinden Sorumlu Y\u00fcksek Komiserlik planlanm\u0131\u015f hava koridoru seferlerinin acil ilkyard\u0131m temel ihtiya\u00e7 maddelerini i\u00e7erecek 11 sefer olmas\u0131n\u0131n beklendi\u011fini bunlar\u0131n tamam\u0131n\u0131n Suriye\u2019nin Kuzey do\u011fusuna 50 bin ki\u015fiye gidece\u011fini ilan etti.<\/p>\n<p>Komiserlik yay\u0131nlad\u0131\u011f\u0131 beyanda, seferlerin 2000 metrek\u00fcp insani yard\u0131m i\u00e7erece\u011fini a\u00e7\u0131klad\u0131.<\/p>\n<p>Suriye\u2019de Komiserlik Heyet Ba\u015fkan\u0131 Tar\u0131k Kurdi, komiserli\u011fin 2014 y\u0131l\u0131n\u0131n ba\u015f\u0131ndan bu yana aralar\u0131nda ula\u015f\u0131lmas\u0131 zor olan b\u00f6lgelerinde bulundu\u011fu 14 ilden 13 ilde 2,5 milyondan fazla insana temel g\u0131da maddesi g\u00f6t\u00fcrd\u00fcklerini a\u00e7\u0131klad\u0131.<\/p>\n<p>&nbsp;<\/p>\n<p>Kurdi, son olarak Suveyda ilinde komiserlik b\u00fcrosunun a\u00e7\u0131lmas\u0131yla birlikte, Lazkiye ve \u00dcrd\u00fcn\u2019den kara ve deniz yollar\u0131yla insani yard\u0131mlar\u0131n ak\u0131c\u0131 bir \u015fekilde gelmesini sa\u011flamak i\u00e7in somut olarak varl\u0131klar\u0131n\u0131 geni\u015fletme \u00e7abas\u0131 i\u00e7erisinde olduklar\u0131n\u0131 dile getirdi.<\/p>\n<p>Hat\u0131rlanaca\u011f\u0131 \u00fczere d\u00fcn bu seferlerin ilki Haseke ili Kam\u0131\u015fl\u0131 havaalan\u0131na varm\u0131\u015ft\u0131.<\/p>\n<p>M\u00fcltecilerden sorumlu Birle\u015fmi\u015f Milletler Y\u00fcksek Komiserli\u011fi taraf\u0131ndan sunulan 3. Hava koridoru seferleri \u00e7er\u00e7evesinde g\u0131da i\u00e7ermeyen maddelerden temel yard\u0131m maddeleriyle dolu ikinci u\u00e7ak Haseke ili Kam\u0131\u015fl\u0131 havaalan\u0131na vard\u0131.<\/p>\n","protected":false},"excerpt":{"rendered":"<p>\u015eAM \u2013 M\u00fclteci \u0130\u015flerinden Sorumlu Y\u00fcksek Komiserlik planlanm\u0131\u015f hava koridoru seferlerinin acil ilkyard\u0131m temel ihtiya\u00e7 maddelerini i\u00e7erecek 11 sefer olmas\u0131n\u0131n beklendi\u011fini bunlar\u0131n tamam\u0131n\u0131n Suriye\u2019nin Kuzey do\u011fusuna 50 bin ki\u015fiye gidece\u011fini ilan etti. Komiserlik yay\u0131nlad\u0131\u011f\u0131 beyanda, seferlerin 2000 metrek\u00fcp insani yard\u0131m i\u00e7erece\u011fini a\u00e7\u0131klad\u0131. Suriye\u2019de Komiserlik Heyet Ba\u015fkan\u0131 Tar\u0131k Kurdi, komiserli\u011fin 2014 y\u0131l\u0131n\u0131n ba\u015f\u0131ndan bu yana aralar\u0131nda &hellip;<\/p>\n","protected":false},"author":1,"featured_media":4998,"comment_status":"closed","ping_status":"closed","sticky":false,"template":"","format":"standard","meta":{"footnotes":""},"categories":[479,478],"tags":[1093],"class_list":["post-4997","post","type-post","status-publish","format-standard","has-post-thumbnail","","category-haberler-yerel","category-yerel","tag-bm-komiserligi-suriyenin-kuzeydogusuna-11-insani-yardim-hava-seferi-duzenliyor"],"_links":{"self":[{"href":"https:\/\/archive.sana.sy\/tr\/index.php?rest_route=\/wp\/v2\/posts\/4997","targetHints":{"allow":["GET"]}}],"collection":[{"href":"https:\/\/archive.sana.sy\/tr\/index.php?rest_route=\/wp\/v2\/posts"}],"about":[{"href":"https:\/\/archive.sana.sy\/tr\/index.php?rest_route=\/wp\/v2\/types\/post"}],"author":[{"embeddable":true,"href":"https:\/\/archive.sana.sy\/tr\/index.php?rest_route=\/wp\/v2\/users\/1"}],"replies":[{"embeddable":true,"href":"https:\/\/archive.sana.sy\/tr\/index.php?rest_route=%2Fwp%2Fv2%2Fcomments&post=4997"}],"version-history":[{"count":0,"href":"https:\/\/archive.sana.sy\/tr\/index.php?rest_route=\/wp\/v2\/posts\/4997\/revisions"}],"wp:featuredmedia":[{"embeddable":true,"href":"https:\/\/archive.sana.sy\/tr\/index.php?rest_route=\/wp\/v2\/media\/4998"}],"wp:attachment":[{"href":"https:\/\/archive.sana.sy\/tr\/index.php?rest_route=%2Fwp%2Fv2%2Fmedia&parent=4997"}],"wp:term":[{"taxonomy":"category","embeddable":true,"href":"https:\/\/archive.sana.sy\/tr\/index.php?rest_route=%2Fwp%2Fv2%2Fcategories&post=4997"},{"taxonomy":"post_tag","embeddable":true,"href":"https:\/\/archive.sana.sy\/tr\/index.php?rest_route=%2Fwp%2Fv2%2Ftags&post=4997"}],"curies":[{"name":"wp","href":"https:\/\/api.w.org\/{rel}","templated":true}]}}