{"id":50020,"date":"2015-10-19T10:41:53","date_gmt":"2015-10-19T07:41:53","guid":{"rendered":"http:\/\/sana.sy\/tr\/?p=50020"},"modified":"2020-03-02T11:23:43","modified_gmt":"2020-03-02T09:23:43","slug":"lahham-suriye-rusya-koordinasyonunu-reddedenler-son-tahlilde-teroru-destekliyor","status":"publish","type":"post","link":"https:\/\/archive.sana.sy\/tr\/?p=50020","title":{"rendered":"Lahham: Suriye-Rusya Koordinasyonunu Reddedenler Son Tahlilde Ter\u00f6r\u00fc Destekliyor"},"content":{"rendered":"<p>CENEVRE \u2013 Halk Meclisi Ba\u015fkan\u0131 Muhammed Cihat el Lahham; ter\u00f6re kar\u015f\u0131 Rusya-Suriye koordinasyonunu herhangi bir gerek\u00e7e ile reddeden herkesin ter\u00f6re kar\u015f\u0131 uluslararas\u0131 m\u00fccadeleyi reddetmekle birlikte son tahlilde I\u015e\u0130D ve Nusra Cephesi ba\u015fta olmak \u00fczere b\u00fct\u00fcn ter\u00f6r \u00f6rg\u00fctlerini destekledi\u011fini dile getirdi.<\/p>\n<p>Faaliyetlerine d\u00fcn ba\u015flayan Uluslararas\u0131 Parlamentolar Cemiyeti huzurunda bir konu\u015fma yapan Lahham; d\u00fcnya devletleri, h\u00fck\u00fcmetleri ve parlamentolar\u0131ndan beklentilerin ter\u00f6rle m\u00fccadeledeki samimiyetlerini kan\u0131tlamak i\u00e7in Rusya\u2019n\u0131n att\u0131\u011f\u0131 ad\u0131mlara kat\u0131larak Suriye ve Irak h\u00fck\u00fcmetleri ile koordinasyon kurmalar\u0131 y\u00f6n\u00fcnde oldu\u011funu ifade etti.<\/p>\n<p>Bat\u0131l\u0131 bir\u00e7ok devletin deste\u011fi ile d\u00f6rt y\u0131l\u0131 a\u015fk\u0131n bir s\u00fcredir radikal tekfirci ter\u00f6r \u00f6rg\u00fctlerinin b\u00f6lgede b\u00fcy\u00fck bir patlama a\u015famas\u0131na geldi\u011fine i\u015faret eden Lahham; Suriye Arap Ordusunun farkl\u0131 isimler alt\u0131nda \u00f6bekle\u015fen silahl\u0131 ter\u00f6r gruplar\u0131na kar\u015f\u0131 ba\u015far\u0131l\u0131 bir m\u00fccadele verdi\u011fini ancak uluslararas\u0131 deste\u011fin ter\u00f6r gruplar\u0131n\u0131n hezimetini geciktirdi\u011fini belirtti.<\/p>\n<p>Ayr\u0131ca Uluslararas\u0131 Parlamentolar Cemiyeti toplant\u0131lar\u0131 kapsam\u0131nda \u00c7ek Cumhuriyeti Parlamentosu Heyeti Ba\u015fkan\u0131 StanislavGrossfitch ile bir araya gelen Lahham, iki \u00fclke parlamentolar\u0131 aras\u0131ndaki ili\u015fki ve i\u015fbirli\u011finin yan\u0131 s\u0131ra ter\u00f6re kar\u015f\u0131 m\u00fccadele alan\u0131nda meydana gelen son geli\u015fmeleri de\u011ferlendirdi.<\/p>\n<p>https:\/\/www.youtube.com\/watch?v=E_pr5iKESgw<\/p>\n<p>F.B. &#8211; R.H.<\/p>\n","protected":false},"excerpt":{"rendered":"<p>CENEVRE \u2013 Halk Meclisi Ba\u015fkan\u0131 Muhammed Cihat el Lahham; ter\u00f6re kar\u015f\u0131 Rusya-Suriye koordinasyonunu herhangi bir gerek\u00e7e ile reddeden herkesin ter\u00f6re kar\u015f\u0131 uluslararas\u0131 m\u00fccadeleyi reddetmekle birlikte son tahlilde I\u015e\u0130D ve Nusra Cephesi ba\u015fta olmak \u00fczere b\u00fct\u00fcn ter\u00f6r \u00f6rg\u00fctlerini destekledi\u011fini dile getirdi. Faaliyetlerine d\u00fcn ba\u015flayan Uluslararas\u0131 Parlamentolar Cemiyeti huzurunda bir konu\u015fma yapan Lahham; d\u00fcnya devletleri, h\u00fck\u00fcmetleri ve &hellip;<\/p>\n","protected":false},"author":1,"featured_media":50021,"comment_status":"closed","ping_status":"closed","sticky":false,"template":"","format":"standard","meta":{"footnotes":""},"categories":[458,459,447],"tags":[],"class_list":["post-50020","post","type-post","status-publish","format-standard","has-post-thumbnail","","category-dunya1","category-haberler-arap-uluslararasi-politika","category-politika"],"_links":{"self":[{"href":"https:\/\/archive.sana.sy\/tr\/index.php?rest_route=\/wp\/v2\/posts\/50020","targetHints":{"allow":["GET"]}}],"collection":[{"href":"https:\/\/archive.sana.sy\/tr\/index.php?rest_route=\/wp\/v2\/posts"}],"about":[{"href":"https:\/\/archive.sana.sy\/tr\/index.php?rest_route=\/wp\/v2\/types\/post"}],"author":[{"embeddable":true,"href":"https:\/\/archive.sana.sy\/tr\/index.php?rest_route=\/wp\/v2\/users\/1"}],"replies":[{"embeddable":true,"href":"https:\/\/archive.sana.sy\/tr\/index.php?rest_route=%2Fwp%2Fv2%2Fcomments&post=50020"}],"version-history":[{"count":0,"href":"https:\/\/archive.sana.sy\/tr\/index.php?rest_route=\/wp\/v2\/posts\/50020\/revisions"}],"wp:featuredmedia":[{"embeddable":true,"href":"https:\/\/archive.sana.sy\/tr\/index.php?rest_route=\/wp\/v2\/media\/50021"}],"wp:attachment":[{"href":"https:\/\/archive.sana.sy\/tr\/index.php?rest_route=%2Fwp%2Fv2%2Fmedia&parent=50020"}],"wp:term":[{"taxonomy":"category","embeddable":true,"href":"https:\/\/archive.sana.sy\/tr\/index.php?rest_route=%2Fwp%2Fv2%2Fcategories&post=50020"},{"taxonomy":"post_tag","embeddable":true,"href":"https:\/\/archive.sana.sy\/tr\/index.php?rest_route=%2Fwp%2Fv2%2Ftags&post=50020"}],"curies":[{"name":"wp","href":"https:\/\/api.w.org\/{rel}","templated":true}]}}