{"id":5010,"date":"2014-07-11T12:10:53","date_gmt":"2014-07-11T09:10:53","guid":{"rendered":"http:\/\/www.sana.sy\/tr\/?p=5010"},"modified":"2014-07-12T13:12:08","modified_gmt":"2014-07-12T10:12:08","slug":"basta-turkiye-olmak-uzere-teroru-destekleyen-ulkeler-kinanmali","status":"publish","type":"post","link":"https:\/\/archive.sana.sy\/tr\/?p=5010","title":{"rendered":"Ba\u015fta T\u00fcrkiye Olmak \u00dczere Ter\u00f6r\u00fc Destekleyen \u00dclkeler K\u0131nanmal\u0131"},"content":{"rendered":"<p>\u015eAM &#8211; D\u0131\u015fi\u015fleri ve Gurbet\u00e7iler Bakanl\u0131\u011f\u0131 Birle\u015fmi\u015f Milletler Genel Sekreteri ve Uluslararas\u0131 G\u00fcvenlik Konseyi Ba\u015fkan\u0131na silahl\u0131 ter\u00f6r gruplar\u0131n\u0131n \u00c7ar\u015famba g\u00fcn\u00fc\u00a0Hama kuzey k\u0131rsal\u0131ndaki Hattab K\u00f6y\u00fcndeki ahali hakk\u0131nda i\u015fledi\u011fi korkun\u00e7 katliamla ilgili olarak iki e\u015f mektup g\u00f6nderdi.<\/p>\n<p>Bakanl\u0131k, Suriye Arap Cumhuriyetinin g\u00fcvenlik konseyinden bu \u00e7irkef katliam hakk\u0131nda a\u00e7\u0131k bir k\u0131nama \u00e7\u0131karmas\u0131n\u0131, ba\u015fta konsey daimi \u00fcye \u00fclkeleri yan\u0131 s\u0131ra T\u00fcrkiye, Suudi Arabistan ve Katar\u2019\u0131n ba\u015f\u0131 \u00e7ektikleri di\u011fer \u00fclkeler olmak \u00fczere ter\u00f6rist gruplar\u0131 destekleyen \u00fclkeler hakk\u0131nda ciddi icraatlar almas\u0131n\u0131 bekledi\u011fini s\u00f6yledi.<\/p>\n","protected":false},"excerpt":{"rendered":"<p>\u015eAM &#8211; D\u0131\u015fi\u015fleri ve Gurbet\u00e7iler Bakanl\u0131\u011f\u0131 Birle\u015fmi\u015f Milletler Genel Sekreteri ve Uluslararas\u0131 G\u00fcvenlik Konseyi Ba\u015fkan\u0131na silahl\u0131 ter\u00f6r gruplar\u0131n\u0131n \u00c7ar\u015famba g\u00fcn\u00fc\u00a0Hama kuzey k\u0131rsal\u0131ndaki Hattab K\u00f6y\u00fcndeki ahali hakk\u0131nda i\u015fledi\u011fi korkun\u00e7 katliamla ilgili olarak iki e\u015f mektup g\u00f6nderdi. Bakanl\u0131k, Suriye Arap Cumhuriyetinin g\u00fcvenlik konseyinden bu \u00e7irkef katliam hakk\u0131nda a\u00e7\u0131k bir k\u0131nama \u00e7\u0131karmas\u0131n\u0131, ba\u015fta konsey daimi \u00fcye \u00fclkeleri yan\u0131 &hellip;<\/p>\n","protected":false},"author":1,"featured_media":4883,"comment_status":"closed","ping_status":"closed","sticky":false,"template":"","format":"standard","meta":{"footnotes":""},"categories":[479,447,478],"tags":[1095],"class_list":["post-5010","post","type-post","status-publish","format-standard","has-post-thumbnail","","category-haberler-yerel","category-politika","category-yerel","tag-basta-turkiye-olmak-uzere-teroru-destekleyen-ulkeler-kinanmali"],"_links":{"self":[{"href":"https:\/\/archive.sana.sy\/tr\/index.php?rest_route=\/wp\/v2\/posts\/5010","targetHints":{"allow":["GET"]}}],"collection":[{"href":"https:\/\/archive.sana.sy\/tr\/index.php?rest_route=\/wp\/v2\/posts"}],"about":[{"href":"https:\/\/archive.sana.sy\/tr\/index.php?rest_route=\/wp\/v2\/types\/post"}],"author":[{"embeddable":true,"href":"https:\/\/archive.sana.sy\/tr\/index.php?rest_route=\/wp\/v2\/users\/1"}],"replies":[{"embeddable":true,"href":"https:\/\/archive.sana.sy\/tr\/index.php?rest_route=%2Fwp%2Fv2%2Fcomments&post=5010"}],"version-history":[{"count":0,"href":"https:\/\/archive.sana.sy\/tr\/index.php?rest_route=\/wp\/v2\/posts\/5010\/revisions"}],"wp:featuredmedia":[{"embeddable":true,"href":"https:\/\/archive.sana.sy\/tr\/index.php?rest_route=\/wp\/v2\/media\/4883"}],"wp:attachment":[{"href":"https:\/\/archive.sana.sy\/tr\/index.php?rest_route=%2Fwp%2Fv2%2Fmedia&parent=5010"}],"wp:term":[{"taxonomy":"category","embeddable":true,"href":"https:\/\/archive.sana.sy\/tr\/index.php?rest_route=%2Fwp%2Fv2%2Fcategories&post=5010"},{"taxonomy":"post_tag","embeddable":true,"href":"https:\/\/archive.sana.sy\/tr\/index.php?rest_route=%2Fwp%2Fv2%2Ftags&post=5010"}],"curies":[{"name":"wp","href":"https:\/\/api.w.org\/{rel}","templated":true}]}}