{"id":50268,"date":"2015-10-22T14:06:01","date_gmt":"2015-10-22T11:06:01","guid":{"rendered":"http:\/\/sana.sy\/tr\/?p=50268"},"modified":"2015-10-22T14:13:47","modified_gmt":"2015-10-22T11:13:47","slug":"klasik-anlamda-diplomasi-olmustur","status":"publish","type":"post","link":"https:\/\/archive.sana.sy\/tr\/?p=50268","title":{"rendered":"Klasik Anlamda Diplomasi \u00d6lm\u00fc\u015ft\u00fcr"},"content":{"rendered":"<p>NEW YORK \u2013 Suriye\u2019nin BM\u2019deki Daimi Temsilcisi Be\u015f\u015far el Caferi Cumhurba\u015fkan\u0131 Be\u015f\u015far el Esad\u2019\u0131n Moskova\u2019ya bulundu\u011fu i\u015f gezisinin t\u00fcm y\u00f6nleriyle b\u00fcy\u00fck bir \u00f6nem ta\u015f\u0131d\u0131\u011f\u0131n\u0131 belirtti.<\/p>\n<p>Caferi Suriye televizyonu ile telefon ba\u011flant\u0131s\u0131nda \u015eam ve Moskova\u2019n\u0131n ter\u00f6re kar\u015f\u0131 indirdi\u011fi darbenin Bat\u0131l\u0131 istihbarat cihazlar\u0131n\u0131n haz\u0131rlad\u0131klar\u0131 bir\u00e7ok plan\u0131 \u00e7\u00f6kertebildi\u011fine dikkat \u00e7ekti.<\/p>\n<p>El Esad\u2019\u0131n Moskova\u2019ya suripriz ziyaretinin zaman\u0131na i\u015faret eden Caferi, geli\u015fen olaylar\u0131n Suriye\u2019de ter\u00f6r\u00fc edat olark kullan\u0131p destekleyen devletlerin tutumlar\u0131n\u0131 net bir \u015fekilde de\u015fifre edip izole ettiklerinin alt\u0131n\u0131 \u00e7izdi.<\/p>\n<p>Caferi Rusya\u2019n\u0131n ter\u00f6rle m\u00fccadelede bu d\u00fczeyde derin bir strateji izlemesinin Bat\u0131l\u0131, b\u00f6lgesel ve Arap bir k\u0131s\u0131m ba\u015fkentleri ciddi \u015fekilde rahats\u0131z etti\u011fine dikkat \u00e7ekerken, bu ba\u015fkentlere tabi kimi medya ara\u00e7lar\u0131nda Suriye ve Rusya\u2019ya y\u00f6nelik histerik sald\u0131r\u0131 nedeninin Suriye ve Rusya\u2019n\u0131n d\u00fc\u015fman planlar\u0131n\u0131 \u00e7\u00f6kertmeleri oldu\u011funu ifade etti.<\/p>\n<p>G\u00fcvenlik Konseyinde 1373 say\u0131l\u0131 karar gere\u011fince te\u015fkil edilen ter\u00f6rle m\u00fccadele komitesi ba\u015fkan\u0131n\u0131n iki g\u00fcn \u00f6nce gayet \u00f6nemli bilgilerle zengin bir rapor yay\u0131nlad\u0131\u011f\u0131na dikkat \u00e7eken Caferi; Suriye ve Irak\u2019ta ter\u00f6r \u00f6rg\u00fctleri saflar\u0131na kat\u0131lan ter\u00f6ristlerin kayna\u011f\u0131 haline gelen devletleri BM misak\u0131n\u0131n yedinci bendi alt\u0131nda al\u0131nan ve ter\u00f6re her t\u00fcrl\u00fc deste\u011fin kesilmesiyle ter\u00f6rist ak\u0131n\u0131na son vermeyi \u00f6ng\u00f6ren 2178 say\u0131l\u0131 karara ba\u011fl\u0131 kalmaya \u00e7a\u011f\u0131rd\u0131\u011f\u0131n\u0131 belirtti. Caferi rapordaki bilgilerin y\u00fczde sekseninin gizli bilgiler olarak sans\u00fcrlenmesine ra\u011fmen ter\u00f6re kar\u015f\u0131 m\u00fccadelede veren Suriye, Rusya ve daha ba\u015fka devletlerin bu raporla ter\u00f6r\u00fc destekleyen devletlere kar\u015f\u0131 bir zafer kazand\u0131klar\u0131n\u0131 ifade etti.<\/p>\n<p>G\u00fcn\u00fcm\u00fczde portrenin herkese a\u00e7\u0131k oldu\u011funu ve ter\u00f6re deste\u011fin aleni bir \u015fekilde yap\u0131ld\u0131\u011f\u0131na dikkat \u00e7eken Caferi, uluslararas\u0131 kararlar, BM misak\u0131, insna haklar\u0131, ter\u00f6rle m\u00fccadele ve daha ba\u015fka benzeri meselelerle direk ilgisi oldu\u011funu iddia eden devletlerin g\u00fcn\u00fcm\u00fczde ter\u00f6r\u00fcn alas\u0131n\u0131 direk ve aleni bir \u015fekilde desteklemekte olduklar\u0131n\u0131 belirtti. Caferi dolay\u0131s\u0131yla diplomasinin klasik anlamda \u00f6ld\u00fc\u011f\u00fcn\u00fc s\u00f6yledi.<\/p>\n<p>BM genel sekreteri Staffan de Mistura\u2019n\u0131n \u00e7abalar\u0131 ve ilan etti\u011fi d\u00f6rtl\u00fc \u00e7al\u0131\u015fma gruplar\u0131 konusunda ise Caferi; Suudi Arabistan, Katar ve T\u00fcrkiye rejimi komutas\u0131ndaki ter\u00f6r gruplar\u0131n\u0131n yan\u0131 s\u0131ra \u2018muhalefet koalisyonu\u2019 olarak adland\u0131r\u0131lan olu\u015fumun bu \u00e7abalara kat\u0131lmay\u0131 efendilerinin talimatlar\u0131yla reddettiklerini s\u00f6yledi. S\u00f6z konusu rejimlerin Suriye ve halk\u0131na y\u00f6nelik d\u00fc\u015fmanc\u0131 tutumlar\u0131n\u0131 yeniden t\u0131rmand\u0131rmaya ba\u015flad\u0131klar\u0131na i\u015faret eden Caferi; bunun Suriye\u2019de ak\u0131t\u0131lan kanlardan ne derecede sorumlu olduklar\u0131n\u0131 yans\u0131tt\u0131\u011f\u0131n\u0131 ifade etti. Caferi bu rejimlerin temel amac\u0131n\u0131n ki\u015fisel hesaplar\u0131n\u0131 tasfiye etmekle birlikte Suriye\u2019yi tarih, co\u011frafya, halk ve devlet olarak sabote edip Bat\u0131 hegomonyas\u0131 alt\u0131na almak oldu\u011funun alt\u0131n\u0131 \u00e7izdi.<\/p>\n<p>Caferi Suriye\u2019nin bu s\u00fcre\u00e7 i\u00e7inde askeri zaferin e\u015fi\u011finde oldu\u011funu belirterek bu zaferin siyasi a\u00e7\u0131dan da kullan\u0131lmas\u0131 gerekti\u011fini belirtti.<\/p>\n<p>S\u00f6zlerinin sonunda Caferi Suriye\u2019nin bug\u00fcn, krizin ba\u015f\u0131ndan beri savundu\u011fu vizyonun do\u011frulu\u011funu d\u00fcnyaya kan\u0131tlad\u0131\u011f\u0131n\u0131 ifade ederek, \u00f6nceli\u011fin ter\u00f6rle m\u00fccadele oldu\u011funun bir kez daha alt\u0131n\u0131 \u00e7izdi.<\/p>\n<p>R.H.<\/p>\n","protected":false},"excerpt":{"rendered":"<p>NEW YORK \u2013 Suriye\u2019nin BM\u2019deki Daimi Temsilcisi Be\u015f\u015far el Caferi Cumhurba\u015fkan\u0131 Be\u015f\u015far el Esad\u2019\u0131n Moskova\u2019ya bulundu\u011fu i\u015f gezisinin t\u00fcm y\u00f6nleriyle b\u00fcy\u00fck bir \u00f6nem ta\u015f\u0131d\u0131\u011f\u0131n\u0131 belirtti. Caferi Suriye televizyonu ile telefon ba\u011flant\u0131s\u0131nda \u015eam ve Moskova\u2019n\u0131n ter\u00f6re kar\u015f\u0131 indirdi\u011fi darbenin Bat\u0131l\u0131 istihbarat cihazlar\u0131n\u0131n haz\u0131rlad\u0131klar\u0131 bir\u00e7ok plan\u0131 \u00e7\u00f6kertebildi\u011fine dikkat \u00e7ekti. El Esad\u2019\u0131n Moskova\u2019ya suripriz ziyaretinin zaman\u0131na i\u015faret eden &hellip;<\/p>\n","protected":false},"author":1,"featured_media":50269,"comment_status":"closed","ping_status":"closed","sticky":false,"template":"","format":"standard","meta":{"footnotes":""},"categories":[458,459,447,2554,2555],"tags":[17381],"class_list":["post-50268","post","type-post","status-publish","format-standard","has-post-thumbnail","","category-dunya1","category-haberler-arap-uluslararasi-politika","category-politika","category-suriye-ve-dunya","category-suriye-ve-turkiye","tag-klasik-anlamda-diplomasi-olmustur"],"_links":{"self":[{"href":"https:\/\/archive.sana.sy\/tr\/index.php?rest_route=\/wp\/v2\/posts\/50268","targetHints":{"allow":["GET"]}}],"collection":[{"href":"https:\/\/archive.sana.sy\/tr\/index.php?rest_route=\/wp\/v2\/posts"}],"about":[{"href":"https:\/\/archive.sana.sy\/tr\/index.php?rest_route=\/wp\/v2\/types\/post"}],"author":[{"embeddable":true,"href":"https:\/\/archive.sana.sy\/tr\/index.php?rest_route=\/wp\/v2\/users\/1"}],"replies":[{"embeddable":true,"href":"https:\/\/archive.sana.sy\/tr\/index.php?rest_route=%2Fwp%2Fv2%2Fcomments&post=50268"}],"version-history":[{"count":0,"href":"https:\/\/archive.sana.sy\/tr\/index.php?rest_route=\/wp\/v2\/posts\/50268\/revisions"}],"wp:featuredmedia":[{"embeddable":true,"href":"https:\/\/archive.sana.sy\/tr\/index.php?rest_route=\/wp\/v2\/media\/50269"}],"wp:attachment":[{"href":"https:\/\/archive.sana.sy\/tr\/index.php?rest_route=%2Fwp%2Fv2%2Fmedia&parent=50268"}],"wp:term":[{"taxonomy":"category","embeddable":true,"href":"https:\/\/archive.sana.sy\/tr\/index.php?rest_route=%2Fwp%2Fv2%2Fcategories&post=50268"},{"taxonomy":"post_tag","embeddable":true,"href":"https:\/\/archive.sana.sy\/tr\/index.php?rest_route=%2Fwp%2Fv2%2Ftags&post=50268"}],"curies":[{"name":"wp","href":"https:\/\/api.w.org\/{rel}","templated":true}]}}