{"id":50292,"date":"2015-10-22T13:29:48","date_gmt":"2015-10-22T10:29:48","guid":{"rendered":"http:\/\/sana.sy\/tr\/?p=50292"},"modified":"2015-10-22T13:29:48","modified_gmt":"2015-10-22T10:29:48","slug":"esad-ile-gorusmeleri-ardindan-bir-dizi-temasta-bulundu","status":"publish","type":"post","link":"https:\/\/archive.sana.sy\/tr\/?p=50292","title":{"rendered":"Esad ile G\u00f6r\u00fc\u015fmeleri Ard\u0131ndan Bir Dizi Temasta Bulundu"},"content":{"rendered":"<p>MOSKOVA \u2013 Rusya Ba\u015fkan\u0131 Vladimir Putin; Cumhurba\u015fkan\u0131 Be\u015f\u015far el Esad ile Moskova\u2019daki zirvesi ard\u0131ndan bir dizi devlet ba\u015fkan\u0131 ile telefon g\u00f6r\u00fc\u015fmelerinde bulunarak zirve sonu\u00e7lar\u0131n\u0131 ele ald\u0131.<\/p>\n<p>Rusya Ba\u015fkanl\u0131k Saray\u0131 Kremlin\u2019in resmi s\u00f6zc\u00fcs\u00fc Dmitry Peskov\u2019un yay\u0131nlad\u0131\u011f\u0131 ve RT web haber sitesinin aktard\u0131\u011f\u0131 beyanda ba\u015fkan Putin\u2019in M\u0131s\u0131r Ba\u015fkan\u0131 Abd\u00fclfettah el Sisi, Suudi Arabistan kral\u0131 Selman bin Abd\u00fclaziz, \u00dcrd\u00fcn Kral\u0131 II. Abdullah ve T\u00fcrkiye&#8217;deki rejim ba\u015fkan\u0131 Recep Tayyip Erdo\u011fan ile ayr\u0131 ayr\u0131 telefon g\u00f6r\u00fc\u015fmelerinde bulundu\u011fu belirtildi.<\/p>\n<p>R.H.<\/p>\n","protected":false},"excerpt":{"rendered":"<p>MOSKOVA \u2013 Rusya Ba\u015fkan\u0131 Vladimir Putin; Cumhurba\u015fkan\u0131 Be\u015f\u015far el Esad ile Moskova\u2019daki zirvesi ard\u0131ndan bir dizi devlet ba\u015fkan\u0131 ile telefon g\u00f6r\u00fc\u015fmelerinde bulunarak zirve sonu\u00e7lar\u0131n\u0131 ele ald\u0131. Rusya Ba\u015fkanl\u0131k Saray\u0131 Kremlin\u2019in resmi s\u00f6zc\u00fcs\u00fc Dmitry Peskov\u2019un yay\u0131nlad\u0131\u011f\u0131 ve RT web haber sitesinin aktard\u0131\u011f\u0131 beyanda ba\u015fkan Putin\u2019in M\u0131s\u0131r Ba\u015fkan\u0131 Abd\u00fclfettah el Sisi, Suudi Arabistan kral\u0131 Selman bin Abd\u00fclaziz, &hellip;<\/p>\n","protected":false},"author":1,"featured_media":50293,"comment_status":"closed","ping_status":"closed","sticky":false,"template":"","format":"standard","meta":{"footnotes":""},"categories":[458,459,447,2554,2555],"tags":[],"class_list":["post-50292","post","type-post","status-publish","format-standard","has-post-thumbnail","","category-dunya1","category-haberler-arap-uluslararasi-politika","category-politika","category-suriye-ve-dunya","category-suriye-ve-turkiye"],"_links":{"self":[{"href":"https:\/\/archive.sana.sy\/tr\/index.php?rest_route=\/wp\/v2\/posts\/50292","targetHints":{"allow":["GET"]}}],"collection":[{"href":"https:\/\/archive.sana.sy\/tr\/index.php?rest_route=\/wp\/v2\/posts"}],"about":[{"href":"https:\/\/archive.sana.sy\/tr\/index.php?rest_route=\/wp\/v2\/types\/post"}],"author":[{"embeddable":true,"href":"https:\/\/archive.sana.sy\/tr\/index.php?rest_route=\/wp\/v2\/users\/1"}],"replies":[{"embeddable":true,"href":"https:\/\/archive.sana.sy\/tr\/index.php?rest_route=%2Fwp%2Fv2%2Fcomments&post=50292"}],"version-history":[{"count":0,"href":"https:\/\/archive.sana.sy\/tr\/index.php?rest_route=\/wp\/v2\/posts\/50292\/revisions"}],"wp:featuredmedia":[{"embeddable":true,"href":"https:\/\/archive.sana.sy\/tr\/index.php?rest_route=\/wp\/v2\/media\/50293"}],"wp:attachment":[{"href":"https:\/\/archive.sana.sy\/tr\/index.php?rest_route=%2Fwp%2Fv2%2Fmedia&parent=50292"}],"wp:term":[{"taxonomy":"category","embeddable":true,"href":"https:\/\/archive.sana.sy\/tr\/index.php?rest_route=%2Fwp%2Fv2%2Fcategories&post=50292"},{"taxonomy":"post_tag","embeddable":true,"href":"https:\/\/archive.sana.sy\/tr\/index.php?rest_route=%2Fwp%2Fv2%2Ftags&post=50292"}],"curies":[{"name":"wp","href":"https:\/\/api.w.org\/{rel}","templated":true}]}}