{"id":5030,"date":"2014-07-12T12:20:06","date_gmt":"2014-07-12T09:20:06","guid":{"rendered":"http:\/\/www.sana.sy\/tr\/?p=5030"},"modified":"2014-07-12T13:11:09","modified_gmt":"2014-07-12T10:11:09","slug":"kahramanlarimiz-terore-karsi-basarilarina-yenilerini-ekliyorlar","status":"publish","type":"post","link":"https:\/\/archive.sana.sy\/tr\/?p=5030","title":{"rendered":"Kahramanlar\u0131m\u0131z Ter\u00f6re Kar\u015f\u0131 Ba\u015far\u0131lar\u0131na Yenilerini Ekliyorlar"},"content":{"rendered":"<p>\u0130LLER \u2013 Kahraman ordu birliklerimiz nitelikli operasyonlar\u0131 \u00e7er\u00e7evesinde silahl\u0131 ter\u00f6r gruplar\u0131n\u0131n en g\u00fc\u00e7l\u00fc olduklar\u0131 b\u00f6lge ve noktalarda sa\u011flad\u0131klar\u0131 b\u00fcy\u00fck ba\u015far\u0131lara yenilerini ekliyorlar.<\/p>\n<p><span style=\"color: #0000ff\">Halep ve K\u0131rsal\u0131nda Ter\u00f6ristlere B\u00fcy\u00fck Kay\u0131plar Verdirildi<\/span><\/p>\n<p>Askeri bir kaynak kahraman ordu birliklerimizin Halep kentinde Beni Zeyd ve Ra\u015fidiyn el Hamse semtlerinde d\u00fczenledikleri nitelikli operasyonlar \u00e7er\u00e7evesinde \u00e7ok say\u0131da ter\u00f6risti \u00f6l\u00fc ve yaral\u0131 d\u00fc\u015f\u00fcrd\u00fcklerini dile getirdi.<\/p>\n<p>Heriytan, Ard Melah, \u015eeyh Lutfi, Zahr Abdrabboh, Kefernaha, Maraa, el Atarib, el Mansura, Tel Rafet ve Han Toman belde ve k\u00f6ylerinde ter\u00f6ristlere kar\u015f\u0131 operasyonlar\u0131n h\u0131z kesmeden devam etti\u011fine de\u011finen kaynak; buralarda ter\u00f6ristlere ait b\u00fcy\u00fck miktarda silah ve m\u00fchimmat\u0131n imha edildi\u011fini belirtti.<\/p>\n<p>Kaynak ayr\u0131ca operasyonlar kapsam\u0131nda meydana gelen \u00e7at\u0131\u015fmalarda \u00e7ok say\u0131da ter\u00f6ristin eleba\u015flar\u0131yla birlikte \u00f6l\u00fc ve yaral\u0131 olarak ele ge\u00e7irdiklerini ekledi.<\/p>\n<p><span style=\"color: #0000ff\">Dera ve K\u0131rsal\u0131nda Onlarca Ter\u00f6rist \u00d6ld\u00fcr\u00fcld\u00fc<\/span><\/p>\n<p>Kahraman birliklerimizin Dera ve k\u0131rsal\u0131nda ter\u00f6re kar\u015f\u0131 m\u00fccadelelerini s\u00fcrd\u00fcrd\u00fcklerine dikkat \u00e7eken kaynak; Yaduda yolu \u00fczerinde Tel Zater b\u00f6lgesinde askeri bir tefti\u015f noktas\u0131na sald\u0131rmaya \u00e7al\u0131\u015fan silahl\u0131 bir ter\u00f6r grubu ile kahraman birliklerimiz aras\u0131nda meydana gelen \u00e7at\u0131\u015fmada silahl\u0131 ter\u00f6r grubu \u00fcyelerinin t\u00fcm\u00fcn\u00fcn bertaraf edildi\u011fini aktard\u0131.<\/p>\n<p>Dera Beled\u2019te bir\u00e7ok noktada meydana gelen \u00e7at\u0131\u015fmalarda onlarca ter\u00f6ristin eleba\u015flar\u0131yla birlikte \u00f6l\u00fc ve yaral\u0131 d\u00fc\u015f\u00fcr\u00fcld\u00fcklerinin alt\u0131n\u0131 \u00e7izen kaynak; Sayda beldesi, Etman Beldesi yol ayr\u0131m\u0131nda ve Yaduda b\u00f6lgelerinde meydana gelen \u00e7at\u0131\u015fmalarda da \u00e7ok say\u0131da ter\u00f6ristin \u00f6ld\u00fcr\u00fcld\u00fc\u011f\u00fcn\u00fc ekledi.<\/p>\n<p><span style=\"color: #0000ff\">Kunaytra K\u0131rsal\u0131nda Bir\u00e7ok Ter\u00f6r Grubu Tamamen Yok Edildi<\/span><\/p>\n<p>Kunaytra k\u0131rsal\u0131nda ter\u00f6ristlerin kay\u0131p vermeye devam ettiklerine de\u011finen kaynak; el Kahtaniye Beldesinde silahl\u0131 bir ter\u00f6r grubunun tamamen yok edildi\u011fini belirtti.<\/p>\n<p>Kaynak ayr\u0131ca \u00dcm Batna Caba beldesine s\u0131zmaya \u00e7al\u0131\u015fan silahl\u0131 bir ter\u00f6r grubu ile kahraman birliklerimiz aras\u0131nda \u015fiddetli \u00e7at\u0131\u015fmalar meydana geldi\u011fini dile getirerek \u00e7at\u0131\u015fmada ter\u00f6r grubunun tamamen bertaraf edildi\u011fini ekledi.<\/p>\n<p><span style=\"color: #0000ff\">Homs K\u0131rsal\u0131nda Ter\u00f6ristlerin Kay\u0131plar\u0131 Devam Ediyor<\/span><\/p>\n<p>Homs K\u0131rsal\u0131n\u0131n Ber\u011fusiye, Mesaade, \u00dcm Sahric, Talf, Huvla ve Vadi el \u011eumya belde ve b\u00f6lgelerinde s\u00fcren operasyonlar kapsam\u0131nda \u00e7ok say\u0131da ter\u00f6ristin eleba\u015flar\u0131yla birlikte \u00f6ld\u00fcr\u00fcld\u00fc\u011f\u00fcn\u00fc dile getiren kaynak; ayr\u0131ca ter\u00f6ristlerin havzas\u0131nda bulunan b\u00fcy\u00fck miktarda silah ve m\u00fchimmat\u0131n \u00f6ld\u00fcr\u00fcld\u00fc\u011f\u00fcn\u00fc beyan etti.<\/p>\n<p>&nbsp;<\/p>\n","protected":false},"excerpt":{"rendered":"<p>\u0130LLER \u2013 Kahraman ordu birliklerimiz nitelikli operasyonlar\u0131 \u00e7er\u00e7evesinde silahl\u0131 ter\u00f6r gruplar\u0131n\u0131n en g\u00fc\u00e7l\u00fc olduklar\u0131 b\u00f6lge ve noktalarda sa\u011flad\u0131klar\u0131 b\u00fcy\u00fck ba\u015far\u0131lara yenilerini ekliyorlar. Halep ve K\u0131rsal\u0131nda Ter\u00f6ristlere B\u00fcy\u00fck Kay\u0131plar Verdirildi Askeri bir kaynak kahraman ordu birliklerimizin Halep kentinde Beni Zeyd ve Ra\u015fidiyn el Hamse semtlerinde d\u00fczenledikleri nitelikli operasyonlar \u00e7er\u00e7evesinde \u00e7ok say\u0131da ter\u00f6risti \u00f6l\u00fc ve yaral\u0131 d\u00fc\u015f\u00fcrd\u00fcklerini &hellip;<\/p>\n","protected":false},"author":1,"featured_media":5031,"comment_status":"closed","ping_status":"closed","sticky":false,"template":"","format":"standard","meta":{"footnotes":""},"categories":[575],"tags":[1100],"class_list":["post-5030","post","type-post","status-publish","format-standard","has-post-thumbnail","","category-olaylar-ve-gercekler","tag-kahramanlarimiz-terore-karsi-basarilarina-yenilerini-ekliyorlar"],"_links":{"self":[{"href":"https:\/\/archive.sana.sy\/tr\/index.php?rest_route=\/wp\/v2\/posts\/5030","targetHints":{"allow":["GET"]}}],"collection":[{"href":"https:\/\/archive.sana.sy\/tr\/index.php?rest_route=\/wp\/v2\/posts"}],"about":[{"href":"https:\/\/archive.sana.sy\/tr\/index.php?rest_route=\/wp\/v2\/types\/post"}],"author":[{"embeddable":true,"href":"https:\/\/archive.sana.sy\/tr\/index.php?rest_route=\/wp\/v2\/users\/1"}],"replies":[{"embeddable":true,"href":"https:\/\/archive.sana.sy\/tr\/index.php?rest_route=%2Fwp%2Fv2%2Fcomments&post=5030"}],"version-history":[{"count":0,"href":"https:\/\/archive.sana.sy\/tr\/index.php?rest_route=\/wp\/v2\/posts\/5030\/revisions"}],"wp:featuredmedia":[{"embeddable":true,"href":"https:\/\/archive.sana.sy\/tr\/index.php?rest_route=\/wp\/v2\/media\/5031"}],"wp:attachment":[{"href":"https:\/\/archive.sana.sy\/tr\/index.php?rest_route=%2Fwp%2Fv2%2Fmedia&parent=5030"}],"wp:term":[{"taxonomy":"category","embeddable":true,"href":"https:\/\/archive.sana.sy\/tr\/index.php?rest_route=%2Fwp%2Fv2%2Fcategories&post=5030"},{"taxonomy":"post_tag","embeddable":true,"href":"https:\/\/archive.sana.sy\/tr\/index.php?rest_route=%2Fwp%2Fv2%2Ftags&post=5030"}],"curies":[{"name":"wp","href":"https:\/\/api.w.org\/{rel}","templated":true}]}}