{"id":50456,"date":"2015-10-24T13:00:49","date_gmt":"2015-10-24T10:00:49","guid":{"rendered":"http:\/\/sana.sy\/tr\/?p=50456"},"modified":"2015-10-24T13:45:06","modified_gmt":"2015-10-24T10:45:06","slug":"hava-guclerimizin-lazkiye-kirsalinin-kuzeyi-selma-tirtyah-akko-ve-bisrafa-bolgelerinde-turkiyede-resmi-ve-gayri-resmi-taraflarin-destekledikleri-nusra-cephesi-ve-muttefikleri-daha-baska-teror-orgu","status":"publish","type":"post","link":"https:\/\/archive.sana.sy\/tr\/?p=50456","title":{"rendered":"Hava g\u00fc\u00e7lerimizin Lazkiye k\u0131rsal\u0131n\u0131n kuzeyi Selma, Tirtyah, Akko ve Bi\u015frafa b\u00f6lgelerinde T\u00fcrkiye&#8217;de resmi ve gayr\u0131 resmi taraflar\u0131n destekledikleri Nusra Cephesi ve m\u00fcttefikleri daha ba\u015fka ter\u00f6r \u00f6rg\u00fctlerin karargah ve cephane depolar\u0131n\u0131 muhtevalar\u0131yla imha ettiklerini belirten askeri kaynak SANA\u2019ya a\u00e7\u0131klamas\u0131nda \u00f6ld\u00fcr\u00fclen ter\u00f6ristlerin aras\u0131nda yabanc\u0131lar\u0131n da bulundu\u011funa dikkat \u00e7ekti."},"content":{"rendered":"<p>Hava g\u00fc\u00e7lerimizin Lazkiye k\u0131rsal\u0131n\u0131n kuzeyi Selma, Tirtyah, Akko ve Bi\u015frafa b\u00f6lgelerinde T\u00fcrkiye&#8217;de resmi ve gayr\u0131 resmi taraflar\u0131n destekledikleri Nusra Cephesi ve m\u00fcttefikleri daha ba\u015fka ter\u00f6r \u00f6rg\u00fctlerin karargah ve cephane depolar\u0131n\u0131 muhtevalar\u0131yla imha ettiklerini belirten askeri kaynak SANA\u2019ya a\u00e7\u0131klamas\u0131nda \u00f6ld\u00fcr\u00fclen ter\u00f6ristlerin aras\u0131nda yabanc\u0131lar\u0131n da bulundu\u011funa dikkat \u00e7ekti.<\/p>\n","protected":false},"excerpt":{"rendered":"<p>Hava g\u00fc\u00e7lerimizin Lazkiye k\u0131rsal\u0131n\u0131n kuzeyi Selma, Tirtyah, Akko ve Bi\u015frafa b\u00f6lgelerinde T\u00fcrkiye&#8217;de resmi ve gayr\u0131 resmi taraflar\u0131n destekledikleri Nusra Cephesi ve m\u00fcttefikleri daha ba\u015fka ter\u00f6r \u00f6rg\u00fctlerin karargah ve cephane depolar\u0131n\u0131 muhtevalar\u0131yla imha ettiklerini belirten askeri kaynak SANA\u2019ya a\u00e7\u0131klamas\u0131nda \u00f6ld\u00fcr\u00fclen ter\u00f6ristlerin aras\u0131nda yabanc\u0131lar\u0131n da bulundu\u011funa dikkat \u00e7ekti.<\/p>\n","protected":false},"author":1,"featured_media":0,"comment_status":"closed","ping_status":"closed","sticky":false,"template":"","format":"standard","meta":{"footnotes":""},"categories":[1],"tags":[],"class_list":["post-50456","post","type-post","status-publish","format-standard","","category-news-not-sorted"],"_links":{"self":[{"href":"https:\/\/archive.sana.sy\/tr\/index.php?rest_route=\/wp\/v2\/posts\/50456","targetHints":{"allow":["GET"]}}],"collection":[{"href":"https:\/\/archive.sana.sy\/tr\/index.php?rest_route=\/wp\/v2\/posts"}],"about":[{"href":"https:\/\/archive.sana.sy\/tr\/index.php?rest_route=\/wp\/v2\/types\/post"}],"author":[{"embeddable":true,"href":"https:\/\/archive.sana.sy\/tr\/index.php?rest_route=\/wp\/v2\/users\/1"}],"replies":[{"embeddable":true,"href":"https:\/\/archive.sana.sy\/tr\/index.php?rest_route=%2Fwp%2Fv2%2Fcomments&post=50456"}],"version-history":[{"count":0,"href":"https:\/\/archive.sana.sy\/tr\/index.php?rest_route=\/wp\/v2\/posts\/50456\/revisions"}],"wp:attachment":[{"href":"https:\/\/archive.sana.sy\/tr\/index.php?rest_route=%2Fwp%2Fv2%2Fmedia&parent=50456"}],"wp:term":[{"taxonomy":"category","embeddable":true,"href":"https:\/\/archive.sana.sy\/tr\/index.php?rest_route=%2Fwp%2Fv2%2Fcategories&post=50456"},{"taxonomy":"post_tag","embeddable":true,"href":"https:\/\/archive.sana.sy\/tr\/index.php?rest_route=%2Fwp%2Fv2%2Ftags&post=50456"}],"curies":[{"name":"wp","href":"https:\/\/api.w.org\/{rel}","templated":true}]}}