{"id":50468,"date":"2015-10-24T14:38:36","date_gmt":"2015-10-24T11:38:36","guid":{"rendered":"http:\/\/sana.sy\/tr\/?p=50468"},"modified":"2015-10-24T14:38:36","modified_gmt":"2015-10-24T11:38:36","slug":"rusya-baskanlik-sarayi-kremlinin-resmi-sozcusu-dmitry-peskov-suriyede-ancak-ve-ancak-ordunun-teroru-yok-etmesi-ardindan-siyasi-cozumden-soz-etmenin-mumkun-olabilecegini-belirtirken-kendi","status":"publish","type":"post","link":"https:\/\/archive.sana.sy\/tr\/?p=50468","title":{"rendered":"Rusya Ba\u015fkanl\u0131k Saray\u0131 Kremlin\u2019in resmi s\u00f6zc\u00fcs\u00fc Dmitry Peskov; Suriye&#8217;de ancak ve ancak ordunun ter\u00f6r\u00fc yok etmesi ard\u0131ndan siyasi \u00e7\u00f6z\u00fcmden s\u00f6z etmenin m\u00fcmk\u00fcn olabilece\u011fini belirtirken, kendi gelece\u011fini belirleme hakk\u0131n\u0131n Suriye halk\u0131n\u0131n hakk\u0131 oldu\u011funu bir kez daha vurgulad\u0131"},"content":{"rendered":"<p>Rusya Ba\u015fkanl\u0131k Saray\u0131 Kremlin\u2019in resmi s\u00f6zc\u00fcs\u00fc Dmitry Peskov; Suriye&#8217;de ancak ve ancak ordunun ter\u00f6r\u00fc yok etmesi ard\u0131ndan siyasi \u00e7\u00f6z\u00fcmden s\u00f6z etmenin m\u00fcmk\u00fcn olabilece\u011fini belirtirken, kendi gelece\u011fini belirleme hakk\u0131n\u0131n Suriye halk\u0131n\u0131n hakk\u0131 oldu\u011funu bir kez daha vurgulad\u0131<\/p>\n","protected":false},"excerpt":{"rendered":"<p>Rusya Ba\u015fkanl\u0131k Saray\u0131 Kremlin\u2019in resmi s\u00f6zc\u00fcs\u00fc Dmitry Peskov; Suriye&#8217;de ancak ve ancak ordunun ter\u00f6r\u00fc yok etmesi ard\u0131ndan siyasi \u00e7\u00f6z\u00fcmden s\u00f6z etmenin m\u00fcmk\u00fcn olabilece\u011fini belirtirken, kendi gelece\u011fini belirleme hakk\u0131n\u0131n Suriye halk\u0131n\u0131n hakk\u0131 oldu\u011funu bir kez daha vurgulad\u0131<\/p>\n","protected":false},"author":1,"featured_media":0,"comment_status":"closed","ping_status":"closed","sticky":false,"template":"","format":"standard","meta":{"footnotes":""},"categories":[1],"tags":[],"class_list":["post-50468","post","type-post","status-publish","format-standard","","category-news-not-sorted"],"_links":{"self":[{"href":"https:\/\/archive.sana.sy\/tr\/index.php?rest_route=\/wp\/v2\/posts\/50468","targetHints":{"allow":["GET"]}}],"collection":[{"href":"https:\/\/archive.sana.sy\/tr\/index.php?rest_route=\/wp\/v2\/posts"}],"about":[{"href":"https:\/\/archive.sana.sy\/tr\/index.php?rest_route=\/wp\/v2\/types\/post"}],"author":[{"embeddable":true,"href":"https:\/\/archive.sana.sy\/tr\/index.php?rest_route=\/wp\/v2\/users\/1"}],"replies":[{"embeddable":true,"href":"https:\/\/archive.sana.sy\/tr\/index.php?rest_route=%2Fwp%2Fv2%2Fcomments&post=50468"}],"version-history":[{"count":0,"href":"https:\/\/archive.sana.sy\/tr\/index.php?rest_route=\/wp\/v2\/posts\/50468\/revisions"}],"wp:attachment":[{"href":"https:\/\/archive.sana.sy\/tr\/index.php?rest_route=%2Fwp%2Fv2%2Fmedia&parent=50468"}],"wp:term":[{"taxonomy":"category","embeddable":true,"href":"https:\/\/archive.sana.sy\/tr\/index.php?rest_route=%2Fwp%2Fv2%2Fcategories&post=50468"},{"taxonomy":"post_tag","embeddable":true,"href":"https:\/\/archive.sana.sy\/tr\/index.php?rest_route=%2Fwp%2Fv2%2Ftags&post=50468"}],"curies":[{"name":"wp","href":"https:\/\/api.w.org\/{rel}","templated":true}]}}