{"id":50541,"date":"2015-10-25T12:00:08","date_gmt":"2015-10-25T09:00:08","guid":{"rendered":"http:\/\/sana.sy\/tr\/?p=50541"},"modified":"2015-10-25T13:48:32","modified_gmt":"2015-10-25T10:48:32","slug":"sanaya-aciklama-yapan-askeri-bir-kaynak-ordu-birliklerimizin-sam-kirsalinin-guneybatisi-dareyya-kasabasinda-ecnad-el-sam-islami-bilrigi-adli-teror-orgutunden-bir-grubu-tum-u","status":"publish","type":"post","link":"https:\/\/archive.sana.sy\/tr\/?p=50541","title":{"rendered":"SANA\u2019ya a\u00e7\u0131klama yapan askeri bir kaynak ordu birliklerimizin \u015eam k\u0131rsal\u0131n\u0131n g\u00fcneybat\u0131s\u0131 Dareyya Kasabas\u0131nda \u2018Ecnad el \u015eam \u0130slami Bilri\u011fi\u2019 adl\u0131 ter\u00f6r \u00f6rg\u00fct\u00fcnden bir grubu t\u00fcm \u00fcyeleri ve te\u00e7hizatlar\u0131yla etkisiz hale getirdiklerini belirtti."},"content":{"rendered":"<p>SANA\u2019ya a\u00e7\u0131klama yapan askeri bir kaynak ordu birliklerimizin \u015eam k\u0131rsal\u0131n\u0131n g\u00fcneybat\u0131s\u0131 Dareyya Kasabas\u0131nda \u2018Ecnad el \u015eam \u0130slami Bilri\u011fi\u2019 adl\u0131 ter\u00f6r \u00f6rg\u00fct\u00fcnden bir grubu t\u00fcm \u00fcyeleri ve te\u00e7hizatlar\u0131yla etkisiz hale getirdiklerini belirtti.<\/p>\n","protected":false},"excerpt":{"rendered":"<p>SANA\u2019ya a\u00e7\u0131klama yapan askeri bir kaynak ordu birliklerimizin \u015eam k\u0131rsal\u0131n\u0131n g\u00fcneybat\u0131s\u0131 Dareyya Kasabas\u0131nda \u2018Ecnad el \u015eam \u0130slami Bilri\u011fi\u2019 adl\u0131 ter\u00f6r \u00f6rg\u00fct\u00fcnden bir grubu t\u00fcm \u00fcyeleri ve te\u00e7hizatlar\u0131yla etkisiz hale getirdiklerini belirtti.<\/p>\n","protected":false},"author":1,"featured_media":0,"comment_status":"closed","ping_status":"closed","sticky":false,"template":"","format":"standard","meta":{"footnotes":""},"categories":[1],"tags":[],"class_list":["post-50541","post","type-post","status-publish","format-standard","","category-news-not-sorted"],"_links":{"self":[{"href":"https:\/\/archive.sana.sy\/tr\/index.php?rest_route=\/wp\/v2\/posts\/50541","targetHints":{"allow":["GET"]}}],"collection":[{"href":"https:\/\/archive.sana.sy\/tr\/index.php?rest_route=\/wp\/v2\/posts"}],"about":[{"href":"https:\/\/archive.sana.sy\/tr\/index.php?rest_route=\/wp\/v2\/types\/post"}],"author":[{"embeddable":true,"href":"https:\/\/archive.sana.sy\/tr\/index.php?rest_route=\/wp\/v2\/users\/1"}],"replies":[{"embeddable":true,"href":"https:\/\/archive.sana.sy\/tr\/index.php?rest_route=%2Fwp%2Fv2%2Fcomments&post=50541"}],"version-history":[{"count":0,"href":"https:\/\/archive.sana.sy\/tr\/index.php?rest_route=\/wp\/v2\/posts\/50541\/revisions"}],"wp:attachment":[{"href":"https:\/\/archive.sana.sy\/tr\/index.php?rest_route=%2Fwp%2Fv2%2Fmedia&parent=50541"}],"wp:term":[{"taxonomy":"category","embeddable":true,"href":"https:\/\/archive.sana.sy\/tr\/index.php?rest_route=%2Fwp%2Fv2%2Fcategories&post=50541"},{"taxonomy":"post_tag","embeddable":true,"href":"https:\/\/archive.sana.sy\/tr\/index.php?rest_route=%2Fwp%2Fv2%2Ftags&post=50541"}],"curies":[{"name":"wp","href":"https:\/\/api.w.org\/{rel}","templated":true}]}}