{"id":50547,"date":"2015-10-25T12:38:07","date_gmt":"2015-10-25T09:38:07","guid":{"rendered":"http:\/\/sana.sy\/tr\/?p=50547"},"modified":"2015-10-26T15:39:12","modified_gmt":"2015-10-26T12:39:12","slug":"terore-karsi-zaferle-yeni-bir-tarih-yazilacak","status":"publish","type":"post","link":"https:\/\/archive.sana.sy\/tr\/?p=50547","title":{"rendered":"Ter\u00f6re Kar\u015f\u0131 Zaferle Yeni Bir Tarih Yaz\u0131lacak"},"content":{"rendered":"<p>\u015eAM \u2013 Cumhurba\u015fkan\u0131 Be\u015f\u015far el Esad bug\u00fcn Rusya Parlamentosu Duma Meclisinde M\u00fclkiyet \u0130\u015fleri Komisyonu Ba\u015fkan\u0131 Sergey Gavrilov ba\u015fkanl\u0131\u011f\u0131nda Rus parlamenter ve sosyal \u015fahsiyetlerden olu\u015fan bir heyeti kabul etti.<\/p>\n<p><a href=\"http:\/\/sana.sy\/tr\/?attachment_id=50544\" rel=\"attachment wp-att-50544\"><img loading=\"lazy\" decoding=\"async\" class=\"size-medium wp-image-50544 alignright\" src=\"http:\/\/sana.sy\/tr\/wp-content\/uploads\/2015\/10\/el-Esad-22-300x167.jpg\" alt=\"el Esad 2\" width=\"300\" height=\"167\" srcset=\"https:\/\/archive.sana.sy\/tr\/wp-content\/uploads\/2015\/10\/el-Esad-22-300x167.jpg 300w, https:\/\/archive.sana.sy\/tr\/wp-content\/uploads\/2015\/10\/el-Esad-22-150x84.jpg 150w, https:\/\/archive.sana.sy\/tr\/wp-content\/uploads\/2015\/10\/el-Esad-22-1024x571.jpg 1024w\" sizes=\"auto, (max-width: 300px) 100vw, 300px\" \/><\/a>Suriye ve Rusya halklar\u0131 aras\u0131ndaki tarihi derin k\u00f6klere dayanan ili\u015fkilerin \u00f6zellikle ter\u00f6rle m\u00fccadele ve insani yard\u0131m konular\u0131nda olmak \u00fczere muhtelif alanlarda daha \u00e7ok geli\u015ftirilmesi \u00f6neminin ele al\u0131nd\u0131\u011f\u0131 g\u00f6r\u00fc\u015fmede, ayr\u0131ca ikili ili\u015fkilerin ekonomik alanda geli\u015ftirilmesi gere\u011finin alt\u0131 \u00e7izildi.<\/p>\n<p>Cumhurba\u015fkan\u0131 el Esad Rusya&#8217;n\u0131n Suriye halk\u0131n\u0131 destekleyen tutumlar\u0131na takdirini ifade etti. Rusya&#8217;n\u0131n tutumunun tarihi yeniden yazaca\u011f\u0131na i\u015faret eden el Esad; \u00f6yle ki bu sava\u015f\u0131n b\u00f6lge ve d\u00fcnyan\u0131n gelece\u011fini belirleyece\u011fini s\u00f6yledi. El Esad ter\u00f6re kar\u015f\u0131 zaferin sadece Suriye&#8217;yi de\u011fil, t\u00fcm devletleri koruyaca\u011f\u0131na dikkat \u00e7ekti.<\/p>\n<p>Ter\u00f6r \u00f6rg\u00fctlerini bertaraf etmenin Suriye ve Rusya&#8217;n\u0131n \u00e7abas\u0131nda bulundu\u011fu ve Suriye halk\u0131n\u0131n idealindeki \u00e7\u00f6z\u00fcme yol a\u00e7aca\u011f\u0131n\u0131 ifade eden el Esad; ayn\u0131 zamanda Suriye&#8217;nin egemenli\u011fini, ba\u011f\u0131ms\u0131zl\u0131k ve onurunu da koruyaca\u011f\u0131n\u0131 belirtti.<\/p>\n<p>Konuk Rus heyet \u00fcyeleri ise g\u00f6r\u00fc\u015fmede Rusya halk\u0131n\u0131n ter\u00f6re kar\u015f\u0131 sava\u015f\u0131nda el Esad\u2019\u0131 destekledi\u011fini belirtirken, bu sava\u015fta Suriye&#8217;de g\u00fcvenlik ve istikrar\u0131n sa\u011flanmas\u0131 temellerinin belirlendi\u011fine dikkat \u00e7ektiler. Heyet \u00fcyeleri ter\u00f6rle m\u00fccadelenin ayn\u0131 zamanda Suriye&#8217;de g\u00fcvenlik ve istikrar\u0131 sa\u011flayaca\u011f\u0131 gibi adalete dayal\u0131 yeni bir d\u00fcnya sisteminin kurulmas\u0131na da yol a\u00e7abilece\u011fini belirtti.<\/p>\n<p>Rusya Ba\u015fkan\u0131 Vladimir Putin\u2019in Rus hava g\u00fc\u00e7lerinin Suriye&#8217;de ter\u00f6re kar\u015f\u0131 hava operasyonlar\u0131nda bulunma karar\u0131n\u0131n Duma Meclisinde \u00e7o\u011funluk oyla oylanmas\u0131n\u0131n Rus halk\u0131n\u0131n muhtelif kesimleri ve bile\u015fenleriyle bu karar\u0131 onaylad\u0131klar\u0131n\u0131 yans\u0131tt\u0131\u011f\u0131na dikkat \u00e7eken heyet \u00fcyeleri, Ruslar\u0131n Suriye ve Rusya&#8217;n\u0131n ortak bir d\u00fc\u015fmana kar\u015f\u0131 ortak bir sava\u015f verdiklerine inand\u0131klar\u0131n\u0131, bu sava\u015fta da mutlaka zafer kazan\u0131lmas\u0131 g\u00f6r\u00fc\u015f\u00fcnde olduklar\u0131n\u0131 vurgulad\u0131.<\/p>\n<p><a href=\"http:\/\/sana.sy\/tr\/?attachment_id=50543\" rel=\"attachment wp-att-50543\"><img loading=\"lazy\" decoding=\"async\" class=\"size-medium wp-image-50543 alignright\" src=\"http:\/\/sana.sy\/tr\/wp-content\/uploads\/2015\/10\/el-Esad-11-300x161.jpg\" alt=\"el Esad 1\" width=\"300\" height=\"161\" srcset=\"https:\/\/archive.sana.sy\/tr\/wp-content\/uploads\/2015\/10\/el-Esad-11-300x160.jpg 300w, https:\/\/archive.sana.sy\/tr\/wp-content\/uploads\/2015\/10\/el-Esad-11-150x80.jpg 150w, https:\/\/archive.sana.sy\/tr\/wp-content\/uploads\/2015\/10\/el-Esad-11-1024x549.jpg 1024w, https:\/\/archive.sana.sy\/tr\/wp-content\/uploads\/2015\/10\/el-Esad-11-620x330.jpg 620w\" sizes=\"auto, (max-width: 300px) 100vw, 300px\" \/><\/a>Gavrilov ba\u015fkanl\u0131\u011f\u0131nda Suriye\u2019yi ziyaret eden Rus heyette Federal Mecliste savunma ve g\u00fcvenlik komisyonu ba\u015fkan\u0131 Eski Sava\u015f\u00e7\u0131lar \u2018Silah Karde\u015fleri\u2019 Cemiyeti ba\u015fkan\u0131n\u0131n birinci yard\u0131mc\u0131s\u0131 Dmitry Sablin, Rusya \u2013 Suriye Hay\u0131r Cemiyeti Rusar Ba\u015fkan\u0131 ve Suriye Halk\u0131yla Dayan\u0131\u015fma Komitesi Ba\u015fkan\u0131 Alexander Yushchenko, Silah Karde\u015fli\u011fi Cemiyetinde gen\u00e7lerin ulusal askeri e\u011fitim koordinat\u00f6r\u00fc Nikolai Pakalanov, Antakya ve T\u00fcm Do\u011fu Rum Ortodokslar Patrikli\u011finin Moskova ve T\u00fcm Rusya Patrikli\u011fi temsilcisi Peder Orsana, Silah Karde\u015fli\u011fi Cemiyetinin bas\u0131n s\u00f6zc\u00fcs\u00fc Lonely Koskovo ve cemiyetin insani projeler koordinat\u00f6r\u00fc Ilina Overkova yer al\u0131yor.<\/p>\n<p>R.H.<\/p>\n<p>&nbsp;<\/p>\n","protected":false},"excerpt":{"rendered":"<p>\u015eAM \u2013 Cumhurba\u015fkan\u0131 Be\u015f\u015far el Esad bug\u00fcn Rusya Parlamentosu Duma Meclisinde M\u00fclkiyet \u0130\u015fleri Komisyonu Ba\u015fkan\u0131 Sergey Gavrilov ba\u015fkanl\u0131\u011f\u0131nda Rus parlamenter ve sosyal \u015fahsiyetlerden olu\u015fan bir heyeti kabul etti. Suriye ve Rusya halklar\u0131 aras\u0131ndaki tarihi derin k\u00f6klere dayanan ili\u015fkilerin \u00f6zellikle ter\u00f6rle m\u00fccadele ve insani yard\u0131m konular\u0131nda olmak \u00fczere muhtelif alanlarda daha \u00e7ok geli\u015ftirilmesi \u00f6neminin ele al\u0131nd\u0131\u011f\u0131 &hellip;<\/p>\n","protected":false},"author":1,"featured_media":50548,"comment_status":"closed","ping_status":"closed","sticky":false,"template":"","format":"standard","meta":{"footnotes":""},"categories":[608,479,605,478],"tags":[17423],"class_list":["post-50547","post","type-post","status-publish","format-standard","has-post-thumbnail","","category-etkinlikler","category-haberler-yerel","category-sayin-cumhurbaskani","category-yerel","tag-terore-karsi-zaferle-yeni-bir-tarih-yazilacak"],"_links":{"self":[{"href":"https:\/\/archive.sana.sy\/tr\/index.php?rest_route=\/wp\/v2\/posts\/50547","targetHints":{"allow":["GET"]}}],"collection":[{"href":"https:\/\/archive.sana.sy\/tr\/index.php?rest_route=\/wp\/v2\/posts"}],"about":[{"href":"https:\/\/archive.sana.sy\/tr\/index.php?rest_route=\/wp\/v2\/types\/post"}],"author":[{"embeddable":true,"href":"https:\/\/archive.sana.sy\/tr\/index.php?rest_route=\/wp\/v2\/users\/1"}],"replies":[{"embeddable":true,"href":"https:\/\/archive.sana.sy\/tr\/index.php?rest_route=%2Fwp%2Fv2%2Fcomments&post=50547"}],"version-history":[{"count":0,"href":"https:\/\/archive.sana.sy\/tr\/index.php?rest_route=\/wp\/v2\/posts\/50547\/revisions"}],"wp:featuredmedia":[{"embeddable":true,"href":"https:\/\/archive.sana.sy\/tr\/index.php?rest_route=\/wp\/v2\/media\/50548"}],"wp:attachment":[{"href":"https:\/\/archive.sana.sy\/tr\/index.php?rest_route=%2Fwp%2Fv2%2Fmedia&parent=50547"}],"wp:term":[{"taxonomy":"category","embeddable":true,"href":"https:\/\/archive.sana.sy\/tr\/index.php?rest_route=%2Fwp%2Fv2%2Fcategories&post=50547"},{"taxonomy":"post_tag","embeddable":true,"href":"https:\/\/archive.sana.sy\/tr\/index.php?rest_route=%2Fwp%2Fv2%2Ftags&post=50547"}],"curies":[{"name":"wp","href":"https:\/\/api.w.org\/{rel}","templated":true}]}}