{"id":50550,"date":"2015-10-25T13:03:47","date_gmt":"2015-10-25T10:03:47","guid":{"rendered":"http:\/\/sana.sy\/tr\/?p=50550"},"modified":"2015-10-26T15:49:06","modified_gmt":"2015-10-26T12:49:06","slug":"hama-kenti-ve-suveyda-kirsalinda-cephane-ele-gecirildi","status":"publish","type":"post","link":"https:\/\/archive.sana.sy\/tr\/?p=50550","title":{"rendered":"Hama, S\u00fcveyda ve Dera&#8217;da Cephane Ele Ge\u00e7irildi"},"content":{"rendered":"<p>\u0130LLER \u2013 Ordu birliklerimiz bug\u00fcn Hama Kentinde yerel halk\u0131n ihbar\u0131 ve i\u015fbirli\u011fi ile kentin g\u00fcneyine d\u00fc\u015fen Ferraya Semtindeki bir binan\u0131n bodrum kat\u0131nda b\u00fcy\u00fck miktarda ve muhtelif t\u00fcr cephane ele ge\u00e7irdi.<\/p>\n<p>Hama Valili\u011finde bir kaynak SANA\u2019ya a\u00e7\u0131klamas\u0131nda bask\u0131n operasyonu s\u0131ras\u0131nda ka\u00e7ak ila\u00e7 ve daha ba\u015fka dok\u00fcman\u0131n ele ge\u00e7irildi\u011fini s\u00f6yledi.<\/p>\n<p><span style=\"color: #0000ff\">S\u00dcVEYDA:<\/span><\/p>\n<p>S\u00fcveyda k\u0131rsal\u0131nda ise halk savunma g\u00fc\u00e7leri d\u00fcn ak\u015fam Kenakir B\u00f6lgesinde cephane y\u00fckl\u00fc bir pikap arac\u0131 ele ge\u00e7irdi.<\/p>\n<p>Hama Valili\u011finde bir kaynak; halk savunma g\u00fc\u00e7lerinin izleme ve takip operasyonu ard\u0131ndan Dera k\u0131rsal\u0131ndan gelen ve b\u00fcy\u00fck miktarda cephane ta\u015f\u0131yan bir pikap arac\u0131na pusu kurduklar\u0131n\u0131 belirtti. Kaynak y\u00fck\u00fc 4 tonu bulan ara\u00e7ta ele ge\u00e7irilen ve bir k\u0131sm\u0131 a\u011f\u0131r silahlardan olu\u015fan cephanenin bo\u015f sebze sand\u0131klar\u0131yla kamufle edildi\u011fini ifade etti.<\/p>\n<p><span style=\"color: #0000ff\">DERA:<\/span><\/p>\n<p>Di\u011fer yandan Dera Valili\u011finde bir kaynak yerel halk\u0131n ihbar\u0131 \u00fczerine takip operasyonu ba\u015flatan g\u00fcvenlik birimlerinin Dera\u2019da uluslar aras\u0131 otoban \u00fczerinde \u015eam k\u0131rsal\u0131 istikametinde seyir eden bir yolcu otob\u00fcs\u00fcn\u00fc \u00e7evirdiklerini belirtti.<\/p>\n<p>Kaynak otob\u00fcs\u00fcn tefti\u015fe al\u0131nmas\u0131yla \u00f6zel haz\u0131rlanm\u0131\u015f gizli b\u00f6lmelerde b\u00fcy\u00fck miktarda ve muhtelif t\u00fcrlerde silah ve m\u00fchimmat ele ge\u00e7irildi\u011fini belirtti. Otob\u00fcs \u015fof\u00f6r\u00fcn\u00fcn tutukland\u0131\u011f\u0131n\u0131 ifade eden kaynak; ilk soru\u015fturmada silah ve m\u00fchimmat\u0131 \u015eam k\u0131rsal\u0131ndaki tekfirci ter\u00f6ristlere ta\u015f\u0131d\u0131\u011f\u0131n\u0131 itiraf etti\u011fini aktard\u0131.<\/p>\n<p>https:\/\/www.youtube.com\/watch?v=vCBa2dlp5Ig<\/p>\n<p><span style=\"color: #0000ff\">S\u00fcveyda k\u0131rsal\u0131nda ele ge\u00e7irilen silah ve m\u00fchimmat:<\/span><\/p>\n<div id='gallery-1' class='gallery galleryid-50550 gallery-columns-2 gallery-size-medium'><figure class='gallery-item'>\n\t\t\t<div class='gallery-icon landscape'>\n\t\t\t\t<a href='https:\/\/archive.sana.sy\/tr\/wp-content\/uploads\/2015\/10\/silahlar-11.jpg'><img loading=\"lazy\" decoding=\"async\" width=\"300\" height=\"160\" src=\"https:\/\/archive.sana.sy\/tr\/wp-content\/uploads\/2015\/10\/silahlar-11-300x160.jpg\" class=\"attachment-medium size-medium\" alt=\"\" srcset=\"https:\/\/archive.sana.sy\/tr\/wp-content\/uploads\/2015\/10\/silahlar-11-300x160.jpg 300w, https:\/\/archive.sana.sy\/tr\/wp-content\/uploads\/2015\/10\/silahlar-11-150x80.jpg 150w, https:\/\/archive.sana.sy\/tr\/wp-content\/uploads\/2015\/10\/silahlar-11.jpg 620w\" sizes=\"auto, (max-width: 300px) 100vw, 300px\" \/><\/a>\n\t\t\t<\/div><\/figure><figure class='gallery-item'>\n\t\t\t<div class='gallery-icon landscape'>\n\t\t\t\t<a href='https:\/\/archive.sana.sy\/tr\/wp-content\/uploads\/2015\/10\/silahlar-2.jpg'><img loading=\"lazy\" decoding=\"async\" width=\"300\" height=\"199\" src=\"https:\/\/archive.sana.sy\/tr\/wp-content\/uploads\/2015\/10\/silahlar-2-300x199.jpg\" class=\"attachment-medium size-medium\" alt=\"\" srcset=\"https:\/\/archive.sana.sy\/tr\/wp-content\/uploads\/2015\/10\/silahlar-2-300x199.jpg 300w, https:\/\/archive.sana.sy\/tr\/wp-content\/uploads\/2015\/10\/silahlar-2-150x100.jpg 150w, https:\/\/archive.sana.sy\/tr\/wp-content\/uploads\/2015\/10\/silahlar-2-1024x680.jpg 1024w, https:\/\/archive.sana.sy\/tr\/wp-content\/uploads\/2015\/10\/silahlar-2.jpg 1212w\" sizes=\"auto, (max-width: 300px) 100vw, 300px\" \/><\/a>\n\t\t\t<\/div><\/figure><figure class='gallery-item'>\n\t\t\t<div class='gallery-icon landscape'>\n\t\t\t\t<a href='https:\/\/archive.sana.sy\/tr\/wp-content\/uploads\/2015\/10\/silahlar-3.jpg'><img loading=\"lazy\" decoding=\"async\" width=\"300\" height=\"199\" src=\"https:\/\/archive.sana.sy\/tr\/wp-content\/uploads\/2015\/10\/silahlar-3-300x199.jpg\" class=\"attachment-medium size-medium\" alt=\"\" srcset=\"https:\/\/archive.sana.sy\/tr\/wp-content\/uploads\/2015\/10\/silahlar-3-300x199.jpg 300w, https:\/\/archive.sana.sy\/tr\/wp-content\/uploads\/2015\/10\/silahlar-3-150x100.jpg 150w, https:\/\/archive.sana.sy\/tr\/wp-content\/uploads\/2015\/10\/silahlar-3-1024x680.jpg 1024w, https:\/\/archive.sana.sy\/tr\/wp-content\/uploads\/2015\/10\/silahlar-3.jpg 1212w\" sizes=\"auto, (max-width: 300px) 100vw, 300px\" \/><\/a>\n\t\t\t<\/div><\/figure><figure class='gallery-item'>\n\t\t\t<div class='gallery-icon landscape'>\n\t\t\t\t<a href='https:\/\/archive.sana.sy\/tr\/wp-content\/uploads\/2015\/10\/silahlar-4.jpg'><img loading=\"lazy\" decoding=\"async\" width=\"300\" height=\"221\" src=\"https:\/\/archive.sana.sy\/tr\/wp-content\/uploads\/2015\/10\/silahlar-4-300x221.jpg\" class=\"attachment-medium size-medium\" alt=\"\" srcset=\"https:\/\/archive.sana.sy\/tr\/wp-content\/uploads\/2015\/10\/silahlar-4-300x221.jpg 300w, https:\/\/archive.sana.sy\/tr\/wp-content\/uploads\/2015\/10\/silahlar-4-150x111.jpg 150w, https:\/\/archive.sana.sy\/tr\/wp-content\/uploads\/2015\/10\/silahlar-4-1024x755.jpg 1024w, https:\/\/archive.sana.sy\/tr\/wp-content\/uploads\/2015\/10\/silahlar-4.jpg 1212w\" sizes=\"auto, (max-width: 300px) 100vw, 300px\" \/><\/a>\n\t\t\t<\/div><\/figure><figure class='gallery-item'>\n\t\t\t<div class='gallery-icon landscape'>\n\t\t\t\t<a href='https:\/\/archive.sana.sy\/tr\/wp-content\/uploads\/2015\/10\/silahlar-5.jpg'><img loading=\"lazy\" decoding=\"async\" width=\"300\" height=\"199\" src=\"https:\/\/archive.sana.sy\/tr\/wp-content\/uploads\/2015\/10\/silahlar-5-300x199.jpg\" class=\"attachment-medium size-medium\" alt=\"\" srcset=\"https:\/\/archive.sana.sy\/tr\/wp-content\/uploads\/2015\/10\/silahlar-5-300x199.jpg 300w, https:\/\/archive.sana.sy\/tr\/wp-content\/uploads\/2015\/10\/silahlar-5-150x100.jpg 150w, https:\/\/archive.sana.sy\/tr\/wp-content\/uploads\/2015\/10\/silahlar-5-1024x680.jpg 1024w, https:\/\/archive.sana.sy\/tr\/wp-content\/uploads\/2015\/10\/silahlar-5.jpg 1212w\" sizes=\"auto, (max-width: 300px) 100vw, 300px\" \/><\/a>\n\t\t\t<\/div><\/figure><figure class='gallery-item'>\n\t\t\t<div class='gallery-icon landscape'>\n\t\t\t\t<a href='https:\/\/archive.sana.sy\/tr\/wp-content\/uploads\/2015\/10\/silahlar-6.jpg'><img loading=\"lazy\" decoding=\"async\" width=\"300\" height=\"199\" src=\"https:\/\/archive.sana.sy\/tr\/wp-content\/uploads\/2015\/10\/silahlar-6-300x199.jpg\" class=\"attachment-medium size-medium\" alt=\"\" srcset=\"https:\/\/archive.sana.sy\/tr\/wp-content\/uploads\/2015\/10\/silahlar-6-300x199.jpg 300w, https:\/\/archive.sana.sy\/tr\/wp-content\/uploads\/2015\/10\/silahlar-6-150x100.jpg 150w, https:\/\/archive.sana.sy\/tr\/wp-content\/uploads\/2015\/10\/silahlar-6-1024x680.jpg 1024w, https:\/\/archive.sana.sy\/tr\/wp-content\/uploads\/2015\/10\/silahlar-6.jpg 1212w\" sizes=\"auto, (max-width: 300px) 100vw, 300px\" \/><\/a>\n\t\t\t<\/div><\/figure><figure class='gallery-item'>\n\t\t\t<div class='gallery-icon landscape'>\n\t\t\t\t<a href='https:\/\/archive.sana.sy\/tr\/wp-content\/uploads\/2015\/10\/silahlar-7.jpg'><img loading=\"lazy\" decoding=\"async\" width=\"300\" height=\"199\" src=\"https:\/\/archive.sana.sy\/tr\/wp-content\/uploads\/2015\/10\/silahlar-7-300x199.jpg\" class=\"attachment-medium size-medium\" alt=\"\" srcset=\"https:\/\/archive.sana.sy\/tr\/wp-content\/uploads\/2015\/10\/silahlar-7-300x199.jpg 300w, https:\/\/archive.sana.sy\/tr\/wp-content\/uploads\/2015\/10\/silahlar-7-150x100.jpg 150w, https:\/\/archive.sana.sy\/tr\/wp-content\/uploads\/2015\/10\/silahlar-7-1024x680.jpg 1024w, https:\/\/archive.sana.sy\/tr\/wp-content\/uploads\/2015\/10\/silahlar-7.jpg 1212w\" sizes=\"auto, (max-width: 300px) 100vw, 300px\" \/><\/a>\n\t\t\t<\/div><\/figure><figure class='gallery-item'>\n\t\t\t<div class='gallery-icon landscape'>\n\t\t\t\t<a href='https:\/\/archive.sana.sy\/tr\/wp-content\/uploads\/2015\/10\/silahlar-8.jpg'><img loading=\"lazy\" decoding=\"async\" width=\"300\" height=\"199\" src=\"https:\/\/archive.sana.sy\/tr\/wp-content\/uploads\/2015\/10\/silahlar-8-300x199.jpg\" class=\"attachment-medium size-medium\" alt=\"\" srcset=\"https:\/\/archive.sana.sy\/tr\/wp-content\/uploads\/2015\/10\/silahlar-8-300x199.jpg 300w, https:\/\/archive.sana.sy\/tr\/wp-content\/uploads\/2015\/10\/silahlar-8-150x100.jpg 150w, https:\/\/archive.sana.sy\/tr\/wp-content\/uploads\/2015\/10\/silahlar-8-1024x680.jpg 1024w, https:\/\/archive.sana.sy\/tr\/wp-content\/uploads\/2015\/10\/silahlar-8.jpg 1212w\" sizes=\"auto, (max-width: 300px) 100vw, 300px\" \/><\/a>\n\t\t\t<\/div><\/figure>\n\t\t<\/div>\n\n<p>R.H.<\/p>\n","protected":false},"excerpt":{"rendered":"<p>\u0130LLER \u2013 Ordu birliklerimiz bug\u00fcn Hama Kentinde yerel halk\u0131n ihbar\u0131 ve i\u015fbirli\u011fi ile kentin g\u00fcneyine d\u00fc\u015fen Ferraya Semtindeki bir binan\u0131n bodrum kat\u0131nda b\u00fcy\u00fck miktarda ve muhtelif t\u00fcr cephane ele ge\u00e7irdi. Hama Valili\u011finde bir kaynak SANA\u2019ya a\u00e7\u0131klamas\u0131nda bask\u0131n operasyonu s\u0131ras\u0131nda ka\u00e7ak ila\u00e7 ve daha ba\u015fka dok\u00fcman\u0131n ele ge\u00e7irildi\u011fini s\u00f6yledi. S\u00dcVEYDA: S\u00fcveyda k\u0131rsal\u0131nda ise halk savunma g\u00fc\u00e7leri &hellip;<\/p>\n","protected":false},"author":1,"featured_media":50551,"comment_status":"closed","ping_status":"closed","sticky":false,"template":"","format":"standard","meta":{"footnotes":""},"categories":[596,479,575,478],"tags":[17424],"class_list":["post-50550","post","type-post","status-publish","format-standard","has-post-thumbnail","","category-fotografli-raporlar","category-haberler-yerel","category-olaylar-ve-gercekler","category-yerel","tag-hama-ve-suveyda-kirsallarinda-cephane-ele-gecirildi"],"_links":{"self":[{"href":"https:\/\/archive.sana.sy\/tr\/index.php?rest_route=\/wp\/v2\/posts\/50550","targetHints":{"allow":["GET"]}}],"collection":[{"href":"https:\/\/archive.sana.sy\/tr\/index.php?rest_route=\/wp\/v2\/posts"}],"about":[{"href":"https:\/\/archive.sana.sy\/tr\/index.php?rest_route=\/wp\/v2\/types\/post"}],"author":[{"embeddable":true,"href":"https:\/\/archive.sana.sy\/tr\/index.php?rest_route=\/wp\/v2\/users\/1"}],"replies":[{"embeddable":true,"href":"https:\/\/archive.sana.sy\/tr\/index.php?rest_route=%2Fwp%2Fv2%2Fcomments&post=50550"}],"version-history":[{"count":0,"href":"https:\/\/archive.sana.sy\/tr\/index.php?rest_route=\/wp\/v2\/posts\/50550\/revisions"}],"wp:featuredmedia":[{"embeddable":true,"href":"https:\/\/archive.sana.sy\/tr\/index.php?rest_route=\/wp\/v2\/media\/50551"}],"wp:attachment":[{"href":"https:\/\/archive.sana.sy\/tr\/index.php?rest_route=%2Fwp%2Fv2%2Fmedia&parent=50550"}],"wp:term":[{"taxonomy":"category","embeddable":true,"href":"https:\/\/archive.sana.sy\/tr\/index.php?rest_route=%2Fwp%2Fv2%2Fcategories&post=50550"},{"taxonomy":"post_tag","embeddable":true,"href":"https:\/\/archive.sana.sy\/tr\/index.php?rest_route=%2Fwp%2Fv2%2Ftags&post=50550"}],"curies":[{"name":"wp","href":"https:\/\/api.w.org\/{rel}","templated":true}]}}