{"id":50561,"date":"2015-10-25T13:13:08","date_gmt":"2015-10-25T10:13:08","guid":{"rendered":"http:\/\/sana.sy\/tr\/?p=50561"},"modified":"2015-10-25T13:13:08","modified_gmt":"2015-10-25T10:13:08","slug":"erdogan-ceteleri-yine-sivillere-saldirdi","status":"publish","type":"post","link":"https:\/\/archive.sana.sy\/tr\/?p=50561","title":{"rendered":"Erdo\u011fan \u00c7eteleri Yine Sivillere Sald\u0131rd\u0131"},"content":{"rendered":"<p>HALEP \u2013 T\u00fcrkiye&#8217;de Erdo\u011fan rejiminin talimatlar\u0131yla faaliyet g\u00f6steren eli kanl\u0131 ter\u00f6r \u00e7eteleri bug\u00fcn Halep Kentinin sivil yerle\u015fim alanlar\u0131ndan \u015eiyhan B\u00f6lgesini f\u00fczelerle hedef ald\u0131.<\/p>\n<p>Halep Valili\u011finde yetkili bir kaynak SANA\u2019ya a\u00e7\u0131klamas\u0131nda cani Erdo\u011fan rejimine tabi ter\u00f6ristlerden \u2018Bedir \u015eehitleri T\u00fcmeni\u2019 ad\u0131yla bilinen \u00e7etelerin Beni Zeyd Semtinden f\u0131rlatt\u0131klar\u0131 f\u00fczelerin sivil evlere d\u00fc\u015ft\u00fc\u011f\u00fcn\u00fc belirtti. Kaynak gaddar sald\u0131r\u0131larda 3 kad\u0131n\u0131n \u015fehit d\u00fc\u015ft\u00fc\u011f\u00fcn\u00fc, 3 vatanda\u015f\u0131n da yaraland\u0131\u011f\u0131n\u0131 s\u00f6yledi.<\/p>\n<p>Erdo\u011fan \u00e7eteleri d\u00fcn ise Halep Kentinin Nil Caddesi b\u00f6lgesini yine f\u00fczelerle hedef alm\u0131\u015f, yine bir\u00e7ok masum sivilin \u015fehit ve yaral\u0131 d\u00fc\u015fmelerine yol a\u00e7m\u0131\u015flard\u0131.<\/p>\n<p>R.H.<\/p>\n","protected":false},"excerpt":{"rendered":"<p>HALEP \u2013 T\u00fcrkiye&#8217;de Erdo\u011fan rejiminin talimatlar\u0131yla faaliyet g\u00f6steren eli kanl\u0131 ter\u00f6r \u00e7eteleri bug\u00fcn Halep Kentinin sivil yerle\u015fim alanlar\u0131ndan \u015eiyhan B\u00f6lgesini f\u00fczelerle hedef ald\u0131. Halep Valili\u011finde yetkili bir kaynak SANA\u2019ya a\u00e7\u0131klamas\u0131nda cani Erdo\u011fan rejimine tabi ter\u00f6ristlerden \u2018Bedir \u015eehitleri T\u00fcmeni\u2019 ad\u0131yla bilinen \u00e7etelerin Beni Zeyd Semtinden f\u0131rlatt\u0131klar\u0131 f\u00fczelerin sivil evlere d\u00fc\u015ft\u00fc\u011f\u00fcn\u00fc belirtti. Kaynak gaddar sald\u0131r\u0131larda 3 kad\u0131n\u0131n &hellip;<\/p>\n","protected":false},"author":1,"featured_media":50562,"comment_status":"closed","ping_status":"closed","sticky":false,"template":"","format":"standard","meta":{"footnotes":""},"categories":[479,575,478],"tags":[17425],"class_list":["post-50561","post","type-post","status-publish","format-standard","has-post-thumbnail","","category-haberler-yerel","category-olaylar-ve-gercekler","category-yerel","tag-erdogan-ceteleri-yine-sivillere-saldirdi"],"_links":{"self":[{"href":"https:\/\/archive.sana.sy\/tr\/index.php?rest_route=\/wp\/v2\/posts\/50561","targetHints":{"allow":["GET"]}}],"collection":[{"href":"https:\/\/archive.sana.sy\/tr\/index.php?rest_route=\/wp\/v2\/posts"}],"about":[{"href":"https:\/\/archive.sana.sy\/tr\/index.php?rest_route=\/wp\/v2\/types\/post"}],"author":[{"embeddable":true,"href":"https:\/\/archive.sana.sy\/tr\/index.php?rest_route=\/wp\/v2\/users\/1"}],"replies":[{"embeddable":true,"href":"https:\/\/archive.sana.sy\/tr\/index.php?rest_route=%2Fwp%2Fv2%2Fcomments&post=50561"}],"version-history":[{"count":0,"href":"https:\/\/archive.sana.sy\/tr\/index.php?rest_route=\/wp\/v2\/posts\/50561\/revisions"}],"wp:featuredmedia":[{"embeddable":true,"href":"https:\/\/archive.sana.sy\/tr\/index.php?rest_route=\/wp\/v2\/media\/50562"}],"wp:attachment":[{"href":"https:\/\/archive.sana.sy\/tr\/index.php?rest_route=%2Fwp%2Fv2%2Fmedia&parent=50561"}],"wp:term":[{"taxonomy":"category","embeddable":true,"href":"https:\/\/archive.sana.sy\/tr\/index.php?rest_route=%2Fwp%2Fv2%2Fcategories&post=50561"},{"taxonomy":"post_tag","embeddable":true,"href":"https:\/\/archive.sana.sy\/tr\/index.php?rest_route=%2Fwp%2Fv2%2Ftags&post=50561"}],"curies":[{"name":"wp","href":"https:\/\/api.w.org\/{rel}","templated":true}]}}