{"id":50564,"date":"2015-10-25T13:45:45","date_gmt":"2015-10-25T10:45:45","guid":{"rendered":"http:\/\/sana.sy\/tr\/?p=50564"},"modified":"2015-10-25T13:45:45","modified_gmt":"2015-10-25T10:45:45","slug":"suudi-rejimi-balikcilari-bombaladi","status":"publish","type":"post","link":"https:\/\/archive.sana.sy\/tr\/?p=50564","title":{"rendered":"Suudi Rejimi Bal\u0131k\u00e7\u0131lar\u0131 Bombalad\u0131"},"content":{"rendered":"<p>SANA \u2013 Suudi krall\u0131k rejiminin sava\u015f u\u00e7aklar\u0131 bug\u00fcn Yemen\u2019de Akban Adas\u0131ndaki Hdeyda ilinin H\u0131hye Nahiyesinde bal\u0131k\u00e7\u0131lar\u0131n topland\u0131klar\u0131 bir b\u00f6lgeyi bombalad\u0131.<\/p>\n<p>Yemen resmi haber ajans\u0131 SABA\u2019n\u0131n aktard\u0131\u011f\u0131 haberde hava sald\u0131r\u0131s\u0131nda bal\u0131k\u00e7\u0131 ve sa\u011fl\u0131k g\u00f6revlilerinden 200\u2019e yak\u0131n ki\u015finin \u00f6l\u00fc yaral\u0131 d\u00fc\u015ft\u00fcklerini belirtti. Haberde Suudi sava\u015f u\u00e7aklar\u0131n\u0131n bal\u0131k\u00e7\u0131lar\u0131 bombalamalar\u0131 ard\u0131ndan sa\u011fl\u0131k ekipleri ve sivil insanlar\u0131n kurbanlara yard\u0131m etmek i\u00e7in m\u00fcdahale etmeleri ard\u0131ndan bir kez daha ayn\u0131 mevkii bombalad\u0131klar\u0131na dikkat \u00e7ekildi. Bal\u0131k\u00e7\u0131 ve sa\u011fl\u0131k ekiplerinden 98 ki\u015finin \u00f6ld\u00fc\u011f\u00fc kaydedilen haberde 100\u2019den fazla ki\u015finin de yaraland\u0131\u011f\u0131 ifade edildi.<\/p>\n<p>D\u00fc\u015fman u\u00e7aklar\u0131n tekrarlanan hava sald\u0131r\u0131lar\u0131 nedeniyle sa\u011fl\u0131k ekiplerinin yaral\u0131lara zor yard\u0131m edebildiklerine de i\u015faret edilen haberde, bundan dolay\u0131 \u00f6l\u00fc say\u0131s\u0131n\u0131n daha da artabilece\u011fi belirtildi.<\/p>\n<p>R.H.<\/p>\n","protected":false},"excerpt":{"rendered":"<p>SANA \u2013 Suudi krall\u0131k rejiminin sava\u015f u\u00e7aklar\u0131 bug\u00fcn Yemen\u2019de Akban Adas\u0131ndaki Hdeyda ilinin H\u0131hye Nahiyesinde bal\u0131k\u00e7\u0131lar\u0131n topland\u0131klar\u0131 bir b\u00f6lgeyi bombalad\u0131. Yemen resmi haber ajans\u0131 SABA\u2019n\u0131n aktard\u0131\u011f\u0131 haberde hava sald\u0131r\u0131s\u0131nda bal\u0131k\u00e7\u0131 ve sa\u011fl\u0131k g\u00f6revlilerinden 200\u2019e yak\u0131n ki\u015finin \u00f6l\u00fc yaral\u0131 d\u00fc\u015ft\u00fcklerini belirtti. Haberde Suudi sava\u015f u\u00e7aklar\u0131n\u0131n bal\u0131k\u00e7\u0131lar\u0131 bombalamalar\u0131 ard\u0131ndan sa\u011fl\u0131k ekipleri ve sivil insanlar\u0131n kurbanlara yard\u0131m etmek &hellip;<\/p>\n","protected":false},"author":1,"featured_media":50565,"comment_status":"closed","ping_status":"closed","sticky":false,"template":"","format":"standard","meta":{"footnotes":""},"categories":[458,459,447],"tags":[17426],"class_list":["post-50564","post","type-post","status-publish","format-standard","has-post-thumbnail","","category-dunya1","category-haberler-arap-uluslararasi-politika","category-politika","tag-suudi-rejimi-balikcilari-bombaladi"],"_links":{"self":[{"href":"https:\/\/archive.sana.sy\/tr\/index.php?rest_route=\/wp\/v2\/posts\/50564","targetHints":{"allow":["GET"]}}],"collection":[{"href":"https:\/\/archive.sana.sy\/tr\/index.php?rest_route=\/wp\/v2\/posts"}],"about":[{"href":"https:\/\/archive.sana.sy\/tr\/index.php?rest_route=\/wp\/v2\/types\/post"}],"author":[{"embeddable":true,"href":"https:\/\/archive.sana.sy\/tr\/index.php?rest_route=\/wp\/v2\/users\/1"}],"replies":[{"embeddable":true,"href":"https:\/\/archive.sana.sy\/tr\/index.php?rest_route=%2Fwp%2Fv2%2Fcomments&post=50564"}],"version-history":[{"count":0,"href":"https:\/\/archive.sana.sy\/tr\/index.php?rest_route=\/wp\/v2\/posts\/50564\/revisions"}],"wp:featuredmedia":[{"embeddable":true,"href":"https:\/\/archive.sana.sy\/tr\/index.php?rest_route=\/wp\/v2\/media\/50565"}],"wp:attachment":[{"href":"https:\/\/archive.sana.sy\/tr\/index.php?rest_route=%2Fwp%2Fv2%2Fmedia&parent=50564"}],"wp:term":[{"taxonomy":"category","embeddable":true,"href":"https:\/\/archive.sana.sy\/tr\/index.php?rest_route=%2Fwp%2Fv2%2Fcategories&post=50564"},{"taxonomy":"post_tag","embeddable":true,"href":"https:\/\/archive.sana.sy\/tr\/index.php?rest_route=%2Fwp%2Fv2%2Ftags&post=50564"}],"curies":[{"name":"wp","href":"https:\/\/api.w.org\/{rel}","templated":true}]}}