{"id":50567,"date":"2015-10-25T17:02:48","date_gmt":"2015-10-25T14:02:48","guid":{"rendered":"http:\/\/sana.sy\/tr\/?p=50567"},"modified":"2015-10-26T15:34:53","modified_gmt":"2015-10-26T12:34:53","slug":"50567","status":"publish","type":"post","link":"https:\/\/archive.sana.sy\/tr\/?p=50567","title":{"rendered":"Eleba\u015flar\u0131 ve Cephaneleriyle A\u011f\u0131r Kay\u0131plar\u0131 Art\u0131yor"},"content":{"rendered":"<p>\u0130LLER \u2013 Muhtelif b\u00f6lgelerde tekfirci ter\u00f6r \u00f6rg\u00fctlere kar\u015f\u0131 operasyonlar\u0131n\u0131 s\u00fcrd\u00fcren ordu birliklerimiz bug\u00fcn de eleba\u015flar\u0131, ara\u00e7lar\u0131 ve cephaneleriyle bu \u00e7eteleri a\u011f\u0131r kay\u0131plara u\u011fratmaya devam etti.<\/p>\n<p><span style=\"color: #0000ff\">\u015eAM KIRSALI:<\/span><\/p>\n<p>SANA\u2019ya a\u00e7\u0131klama yapan askeri bir kaynak ordu birliklerimizin \u015eam k\u0131rsal\u0131n\u0131n g\u00fcneybat\u0131s\u0131 Dareyya Kasabas\u0131nda \u2018Ecnad el \u015eam \u0130slami Bilri\u011fi\u2019 adl\u0131 ter\u00f6r \u00f6rg\u00fct\u00fcnden bir grubu t\u00fcm \u00fcyeleri ve te\u00e7hizatlar\u0131yla etkisiz hale getirdiklerini belirtti.<\/p>\n<p><span style=\"color: #0000ff\">HAMA:<\/span><\/p>\n<p>Hama k\u0131rsal\u0131nda Erdo\u011fan rejiminin destek ve komutas\u0131nda \u2018Fetih Ordusu\u2019 ad\u0131 alt\u0131nda faaliyet g\u00f6steren ter\u00f6ristleri a\u011f\u0131r kay\u0131plara u\u011fratmaya devam eden ordu birliklerimizden bir kaynak SANA\u2019ya a\u00e7\u0131klamas\u0131nda; Hama k\u0131rsal\u0131n\u0131n \u0130dlib il idari s\u0131n\u0131rlar\u0131na yak\u0131n d\u00fc\u015fen Letamina ve Kefar Zeyta b\u00f6lgelerinde yuva ve ara\u00e7lar\u0131n\u0131 imha ettiklerini belirtti.<\/p>\n<p>Kaynak Hama Kentinin yakla\u015f\u0131k 35 km kuzeyine d\u00fc\u015fen Letamina Beldesinin g\u00fcneyinde \u2018Izza Taburlar\u0131\u2019 ad\u0131yla bilinen ter\u00f6r \u00e7etelerinin bir yuvas\u0131n\u0131 muhtevalar\u0131yla imha etmeleriyle aralar\u0131nda \u00e7etelerin az\u0131l\u0131 komutanlar\u0131ndan Ahmet Bilal ve daha ba\u015fka tehlikeli isimlerin bulundu\u011fu en az 7 ter\u00f6ristin \u00f6ld\u00fcr\u00fcld\u00fc\u011f\u00fcn\u00fc belirtti.<\/p>\n<p>Ordu birliklerimizin yine Letamina Beldesi yak\u0131nlar\u0131nda Cund el Aksa tekfircilerine ait bir toplanma yerini nitelikli bir operasyon ger\u00e7ekle\u015ftirdiklerini belirten kaynak; operasyonda \u00f6rg\u00fct\u00fcn bariz komutanlar\u0131ndan Muhammed Ra\u015fid\u2019in aralar\u0131nda bulundu\u011fu \u00e7ok say\u0131da tekfircinin \u00f6ld\u00fcr\u00fcld\u00fc\u011f\u00fcn\u00fc aktard\u0131.<\/p>\n<p>Ordu birliklerimiz d\u00fcn \u00f6\u011fleden sonra Cund el Aksa tekfirci ter\u00f6r \u00f6rg\u00fct\u00fcn\u00fcn Letamina B\u00f6lgesinde muhtevalar\u0131yla imha etmi\u015f, aralar\u0131nda tekfirci \u00f6rg\u00fct\u00fcn s\u00f6zde emiri Muhammed Salim ve daha ba\u015fka tehlikeli isimlerin bulundu\u011fu onlarca ter\u00f6risti \u00f6ld\u00fcrm\u00fc\u015ft\u00fc.<\/p>\n<p>Hama k\u0131rsal\u0131nda bulunan tekfirci ter\u00f6r \u00f6rg\u00fctlerden biri say\u0131lan Cund el Aksa\u2019da faaliyet g\u00f6steren ter\u00f6ristlerin b\u00fcy\u00fck \u00e7o\u011funlu\u011funun yabanc\u0131 oldu\u011fu biliniyor.<\/p>\n<p>Di\u011fer yandan askeri kaynak ordu birliklerimizin Hama Kentinin yakla\u015f\u0131k 33 km kuzeyine d\u00fc\u015fen Hamamiyat Beldesinin do\u011fusunda ter\u00f6ristlerin bir ara\u00e7 konvoyunu hedef alarak 4 arac\u0131 y\u00fckleriyle birlikte imha ettiklerini belirtti.<\/p>\n<p><span style=\"color: #0000ff\">\u0130DL\u0130B:<\/span><\/p>\n<p>\u0130dlib\u2019te yine Erdo\u011fan \u00e7eteleri \u2018Fetih Ordusu\u2019nun muhtelif adland\u0131rmalar alt\u0131ndaki ter\u00f6rist \u00f6rg\u00fctlere y\u00f6nelik operasyonlar\u0131nda ise ordu birliklerimiz Han \u015eeyhun B\u00f6lgesinin Slayba K\u00f6y\u00fc yak\u0131nlar\u0131nda konvoylar\u0131n\u0131 hedef alarak 2 ara\u00e7lar\u0131n\u0131 ta\u015f\u0131d\u0131klar\u0131 ter\u00f6rist ve cephaneyle birlikte imha etti. Operasyonda bir\u00e7ok ara\u00e7 da tahrip edildi.<\/p>\n<p><span style=\"color: #0000ff\">S\u00dcVEYDA:<\/span><\/p>\n<p>S\u00fcveyda k\u0131rsal\u0131nda ise askeri bir kaynak SANA\u2019ya a\u00e7\u0131klamas\u0131nda ordu birliklerimizin il k\u0131rsal\u0131n\u0131n kuzeydo\u011fusu Hurbat Saad K\u00f6y\u00fcnde siperlenen I\u015e\u0130D\u2019li bir ter\u00f6r grubunu ate\u015fe tutarak t\u00fcm \u00fcyelerini havzalar\u0131nda bulunan t\u00fcm silahlarla birlikte etkisizle\u015ftirdiklerini belirtti.<\/p>\n","protected":false},"excerpt":{"rendered":"<p>\u0130LLER \u2013 Muhtelif b\u00f6lgelerde tekfirci ter\u00f6r \u00f6rg\u00fctlere kar\u015f\u0131 operasyonlar\u0131n\u0131 s\u00fcrd\u00fcren ordu birliklerimiz bug\u00fcn de eleba\u015flar\u0131, ara\u00e7lar\u0131 ve cephaneleriyle bu \u00e7eteleri a\u011f\u0131r kay\u0131plara u\u011fratmaya devam etti. \u015eAM KIRSALI: SANA\u2019ya a\u00e7\u0131klama yapan askeri bir kaynak ordu birliklerimizin \u015eam k\u0131rsal\u0131n\u0131n g\u00fcneybat\u0131s\u0131 Dareyya Kasabas\u0131nda \u2018Ecnad el \u015eam \u0130slami Bilri\u011fi\u2019 adl\u0131 ter\u00f6r \u00f6rg\u00fct\u00fcnden bir grubu t\u00fcm \u00fcyeleri ve te\u00e7hizatlar\u0131yla etkisiz &hellip;<\/p>\n","protected":false},"author":1,"featured_media":50570,"comment_status":"closed","ping_status":"closed","sticky":false,"template":"","format":"standard","meta":{"footnotes":""},"categories":[575],"tags":[17427],"class_list":["post-50567","post","type-post","status-publish","format-standard","has-post-thumbnail","","category-olaylar-ve-gercekler","tag-elebaslari-ve-cephaneleriyle-agir-kayiplari-artiyor"],"_links":{"self":[{"href":"https:\/\/archive.sana.sy\/tr\/index.php?rest_route=\/wp\/v2\/posts\/50567","targetHints":{"allow":["GET"]}}],"collection":[{"href":"https:\/\/archive.sana.sy\/tr\/index.php?rest_route=\/wp\/v2\/posts"}],"about":[{"href":"https:\/\/archive.sana.sy\/tr\/index.php?rest_route=\/wp\/v2\/types\/post"}],"author":[{"embeddable":true,"href":"https:\/\/archive.sana.sy\/tr\/index.php?rest_route=\/wp\/v2\/users\/1"}],"replies":[{"embeddable":true,"href":"https:\/\/archive.sana.sy\/tr\/index.php?rest_route=%2Fwp%2Fv2%2Fcomments&post=50567"}],"version-history":[{"count":0,"href":"https:\/\/archive.sana.sy\/tr\/index.php?rest_route=\/wp\/v2\/posts\/50567\/revisions"}],"wp:featuredmedia":[{"embeddable":true,"href":"https:\/\/archive.sana.sy\/tr\/index.php?rest_route=\/wp\/v2\/media\/50570"}],"wp:attachment":[{"href":"https:\/\/archive.sana.sy\/tr\/index.php?rest_route=%2Fwp%2Fv2%2Fmedia&parent=50567"}],"wp:term":[{"taxonomy":"category","embeddable":true,"href":"https:\/\/archive.sana.sy\/tr\/index.php?rest_route=%2Fwp%2Fv2%2Fcategories&post=50567"},{"taxonomy":"post_tag","embeddable":true,"href":"https:\/\/archive.sana.sy\/tr\/index.php?rest_route=%2Fwp%2Fv2%2Ftags&post=50567"}],"curies":[{"name":"wp","href":"https:\/\/api.w.org\/{rel}","templated":true}]}}