{"id":50568,"date":"2015-10-25T14:47:56","date_gmt":"2015-10-25T11:47:56","guid":{"rendered":"http:\/\/sana.sy\/tr\/?p=50568"},"modified":"2015-10-25T14:51:22","modified_gmt":"2015-10-25T11:51:22","slug":"suriye-ve-irak-asiretleri-terorle-mucadelede-daha-etkin-bir-oynayabilir","status":"publish","type":"post","link":"https:\/\/archive.sana.sy\/tr\/?p=50568","title":{"rendered":"Suriye ve Irak A\u015firetleri Ter\u00f6rle M\u00fccadelede Daha Etkin Bir Oynayabilir"},"content":{"rendered":"<p>\u015eAM \u2013 Halk Meclisinde Ulusal Uzla\u015fma Komitesi bug\u00fcn Irak Kabile ve A\u015firetler Toplulu\u011fundan bir heyetle bir araya gelerek iki \u00fclke ve halklar\u0131n\u0131n ortak d\u00fc\u015fman\u0131 ter\u00f6re kar\u015f\u0131 m\u00fccadele ve ulusal uzla\u015fmalarda a\u015firetlerin rol\u00fcn\u00fc peki\u015ftirme ama\u00e7l\u0131 olarak iki \u00fclkedeki a\u015firet ve kabilelerin ortak bir forum d\u00fczenlemeleri konusunu g\u00f6r\u00fc\u015ft\u00fc.<\/p>\n<p><a href=\"http:\/\/sana.sy\/tr\/wp-content\/uploads\/2015\/10\/419.jpg\"><img loading=\"lazy\" decoding=\"async\" class=\"alignright wp-image-50577 size-medium\" src=\"http:\/\/sana.sy\/tr\/wp-content\/uploads\/2015\/10\/419-300x160.jpg\" alt=\"4\" width=\"300\" height=\"160\" srcset=\"https:\/\/archive.sana.sy\/tr\/wp-content\/uploads\/2015\/10\/419-300x160.jpg 300w, https:\/\/archive.sana.sy\/tr\/wp-content\/uploads\/2015\/10\/419-150x80.jpg 150w, https:\/\/archive.sana.sy\/tr\/wp-content\/uploads\/2015\/10\/419.jpg 620w\" sizes=\"auto, (max-width: 300px) 100vw, 300px\" \/><\/a>Halk Meclisinde ger\u00e7ekle\u015fen oturumda Irakl\u0131 heyet \u00fcyeleri; Irak halk\u0131n\u0131n Suriye ordusu ve yurtsever halk\u0131n\u0131n m\u00fccadelesini destekledi\u011fini ifade ederek, bu deste\u011fi milli bir g\u00f6rev olarak nitelendirdiler. Heyet \u00fcyeleri ter\u00f6r\u00fcn t\u00fcm b\u00f6lge ve haklar\u0131na kar\u015f\u0131 ciddi bir tehlike te\u015fkil etti\u011fine dikkat \u00e7ekerek Suriye&#8217;nin bu tehlikeye kar\u015f\u0131 kutsal bir sava\u015f verdi\u011fini ifade etti.<\/p>\n<p>Konuk heyet \u00fcyeleri Suriye&#8217;de ya\u015fayan Irakl\u0131lar\u0131n oturma izinlerini yenilemeleri ve emlak sat\u0131n almalar\u0131na ili\u015fkin meselelerin \u00e7\u00f6z\u00fclmesini talep ettiler.<\/p>\n<p><a href=\"http:\/\/sana.sy\/tr\/wp-content\/uploads\/2015\/10\/227.jpg\"><img loading=\"lazy\" decoding=\"async\" class=\"alignright wp-image-50576 size-medium\" src=\"http:\/\/sana.sy\/tr\/wp-content\/uploads\/2015\/10\/227-300x194.jpg\" alt=\"2\" width=\"300\" height=\"194\" srcset=\"https:\/\/archive.sana.sy\/tr\/wp-content\/uploads\/2015\/10\/227-300x194.jpg 300w, https:\/\/archive.sana.sy\/tr\/wp-content\/uploads\/2015\/10\/227-150x97.jpg 150w, https:\/\/archive.sana.sy\/tr\/wp-content\/uploads\/2015\/10\/227-1024x663.jpg 1024w\" sizes=\"auto, (max-width: 300px) 100vw, 300px\" \/><\/a>Irakl\u0131 heyet ba\u015fkan\u0131 Nizar Ubeydi iki \u00fclkede bulunan a\u015firet ve kabilelerin bir araya gelmeleri i\u00e7in gerekli haz\u0131rl\u0131k ve icraatlar\u0131 y\u00fcr\u00fctecek ortak bir komite te\u015fkil edilmesi \u00f6nemini belirtirken, kabile ve a\u015firetlerin ter\u00f6re kar\u015f\u0131 sava\u015f\u0131nda orduya destek olabileceklerine dikkat \u00e7ekti.<\/p>\n<p>Halk Meclisinde Ulusal Uzla\u015fma Komitesi Ba\u015fkan\u0131 \u00d6mer Osi ise iki karde\u015f halk\u0131n kader ortakl\u0131\u011f\u0131na i\u015faret ederken, aralar\u0131ndaki koordinasyon ve i\u015fbirli\u011fini peki\u015ftirmelerinin mutlak bir gereklilik oldu\u011funu s\u00f6yledi. Osi b\u00f6lge ve halklar\u0131n\u0131 hedef alan ter\u00f6r\u00fcn siyonist \u0130srail ve ABD emperyalizmine hizmet etti\u011fini belirtti.<\/p>\n","protected":false},"excerpt":{"rendered":"<p>\u015eAM \u2013 Halk Meclisinde Ulusal Uzla\u015fma Komitesi bug\u00fcn Irak Kabile ve A\u015firetler Toplulu\u011fundan bir heyetle bir araya gelerek iki \u00fclke ve halklar\u0131n\u0131n ortak d\u00fc\u015fman\u0131 ter\u00f6re kar\u015f\u0131 m\u00fccadele ve ulusal uzla\u015fmalarda a\u015firetlerin rol\u00fcn\u00fc peki\u015ftirme ama\u00e7l\u0131 olarak iki \u00fclkedeki a\u015firet ve kabilelerin ortak bir forum d\u00fczenlemeleri konusunu g\u00f6r\u00fc\u015ft\u00fc. Halk Meclisinde ger\u00e7ekle\u015fen oturumda Irakl\u0131 heyet \u00fcyeleri; Irak halk\u0131n\u0131n &hellip;<\/p>\n","protected":false},"author":1,"featured_media":50574,"comment_status":"closed","ping_status":"closed","sticky":false,"template":"","format":"standard","meta":{"footnotes":""},"categories":[479,447,478],"tags":[],"class_list":["post-50568","post","type-post","status-publish","format-standard","has-post-thumbnail","","category-haberler-yerel","category-politika","category-yerel"],"_links":{"self":[{"href":"https:\/\/archive.sana.sy\/tr\/index.php?rest_route=\/wp\/v2\/posts\/50568","targetHints":{"allow":["GET"]}}],"collection":[{"href":"https:\/\/archive.sana.sy\/tr\/index.php?rest_route=\/wp\/v2\/posts"}],"about":[{"href":"https:\/\/archive.sana.sy\/tr\/index.php?rest_route=\/wp\/v2\/types\/post"}],"author":[{"embeddable":true,"href":"https:\/\/archive.sana.sy\/tr\/index.php?rest_route=\/wp\/v2\/users\/1"}],"replies":[{"embeddable":true,"href":"https:\/\/archive.sana.sy\/tr\/index.php?rest_route=%2Fwp%2Fv2%2Fcomments&post=50568"}],"version-history":[{"count":0,"href":"https:\/\/archive.sana.sy\/tr\/index.php?rest_route=\/wp\/v2\/posts\/50568\/revisions"}],"wp:featuredmedia":[{"embeddable":true,"href":"https:\/\/archive.sana.sy\/tr\/index.php?rest_route=\/wp\/v2\/media\/50574"}],"wp:attachment":[{"href":"https:\/\/archive.sana.sy\/tr\/index.php?rest_route=%2Fwp%2Fv2%2Fmedia&parent=50568"}],"wp:term":[{"taxonomy":"category","embeddable":true,"href":"https:\/\/archive.sana.sy\/tr\/index.php?rest_route=%2Fwp%2Fv2%2Fcategories&post=50568"},{"taxonomy":"post_tag","embeddable":true,"href":"https:\/\/archive.sana.sy\/tr\/index.php?rest_route=%2Fwp%2Fv2%2Ftags&post=50568"}],"curies":[{"name":"wp","href":"https:\/\/api.w.org\/{rel}","templated":true}]}}