{"id":50590,"date":"2015-10-25T15:45:29","date_gmt":"2015-10-25T12:45:29","guid":{"rendered":"http:\/\/sana.sy\/tr\/?p=50590"},"modified":"2015-10-25T15:45:29","modified_gmt":"2015-10-25T12:45:29","slug":"askeri-kaynak-sanaya-aciklamasinda-hava-guclerimizin-halep-kirsalinin-um-arkile-bolgesine-ilaveten-hama-kirsalinin-letamina-ve-latmin-bolgelerinde-teroristlere-ait-karargah-ve-toplanma-yerler","status":"publish","type":"post","link":"https:\/\/archive.sana.sy\/tr\/?p=50590","title":{"rendered":"Askeri kaynak SANA\u2019ya a\u00e7\u0131klamas\u0131nda hava g\u00fc\u00e7lerimizin Halep k\u0131rsal\u0131n\u0131n Um Arkile B\u00f6lgesine ilaveten Hama k\u0131rsal\u0131n\u0131n Letamina ve Latmin b\u00f6lgelerinde ter\u00f6ristlere ait karargah ve toplanma yerlerini imha ettiklerini belirtti."},"content":{"rendered":"<p>Askeri kaynak SANA\u2019ya a\u00e7\u0131klamas\u0131nda hava g\u00fc\u00e7lerimizin Halep k\u0131rsal\u0131n\u0131n Um Arkile B\u00f6lgesine ilaveten Hama k\u0131rsal\u0131n\u0131n Letamina ve Latmin b\u00f6lgelerinde ter\u00f6ristlere ait karargah ve toplanma yerlerini imha ettiklerini belirtti.<\/p>\n","protected":false},"excerpt":{"rendered":"<p>Askeri kaynak SANA\u2019ya a\u00e7\u0131klamas\u0131nda hava g\u00fc\u00e7lerimizin Halep k\u0131rsal\u0131n\u0131n Um Arkile B\u00f6lgesine ilaveten Hama k\u0131rsal\u0131n\u0131n Letamina ve Latmin b\u00f6lgelerinde ter\u00f6ristlere ait karargah ve toplanma yerlerini imha ettiklerini belirtti.<\/p>\n","protected":false},"author":1,"featured_media":0,"comment_status":"closed","ping_status":"closed","sticky":false,"template":"","format":"standard","meta":{"footnotes":""},"categories":[1],"tags":[],"class_list":["post-50590","post","type-post","status-publish","format-standard","","category-news-not-sorted"],"_links":{"self":[{"href":"https:\/\/archive.sana.sy\/tr\/index.php?rest_route=\/wp\/v2\/posts\/50590","targetHints":{"allow":["GET"]}}],"collection":[{"href":"https:\/\/archive.sana.sy\/tr\/index.php?rest_route=\/wp\/v2\/posts"}],"about":[{"href":"https:\/\/archive.sana.sy\/tr\/index.php?rest_route=\/wp\/v2\/types\/post"}],"author":[{"embeddable":true,"href":"https:\/\/archive.sana.sy\/tr\/index.php?rest_route=\/wp\/v2\/users\/1"}],"replies":[{"embeddable":true,"href":"https:\/\/archive.sana.sy\/tr\/index.php?rest_route=%2Fwp%2Fv2%2Fcomments&post=50590"}],"version-history":[{"count":0,"href":"https:\/\/archive.sana.sy\/tr\/index.php?rest_route=\/wp\/v2\/posts\/50590\/revisions"}],"wp:attachment":[{"href":"https:\/\/archive.sana.sy\/tr\/index.php?rest_route=%2Fwp%2Fv2%2Fmedia&parent=50590"}],"wp:term":[{"taxonomy":"category","embeddable":true,"href":"https:\/\/archive.sana.sy\/tr\/index.php?rest_route=%2Fwp%2Fv2%2Fcategories&post=50590"},{"taxonomy":"post_tag","embeddable":true,"href":"https:\/\/archive.sana.sy\/tr\/index.php?rest_route=%2Fwp%2Fv2%2Ftags&post=50590"}],"curies":[{"name":"wp","href":"https:\/\/api.w.org\/{rel}","templated":true}]}}