{"id":5061,"date":"2014-07-12T12:07:08","date_gmt":"2014-07-12T09:07:08","guid":{"rendered":"http:\/\/www.sana.sy\/tr\/?p=5061"},"modified":"2014-07-13T10:20:13","modified_gmt":"2014-07-13T07:20:13","slug":"isgalci-israilin-gazzeye-yonelik-bombardimanlarinda-sehit-sayisi-121e-yukseldi","status":"publish","type":"post","link":"https:\/\/archive.sana.sy\/tr\/?p=5061","title":{"rendered":"\u0130\u015fgalci \u0130srail\u2019in Gazze\u2019ye Y\u00f6nelik Bombard\u0131manlar\u0131nda \u015eehit Say\u0131s\u0131 121\u2019e Y\u00fckseldi"},"content":{"rendered":"<p>GAZZE \u2013 \u0130srail i\u015fgal g\u00fc\u00e7leri Gazze kesimine y\u00f6nelik d\u00fczenledi\u011fi sald\u0131r\u0131lar\u0131n\u0131 s\u00fcrd\u00fcrd\u00fc.<br \/>\nFilistin sa\u011fl\u0131k kaynaklar\u0131 ge\u00e7en Pazartesi g\u00fcn\u00fcnden beri devam eden sald\u0131r\u0131larda kurban d\u00fc\u015fenlerin say\u0131s\u0131n\u0131n 121 \u015fehit, yaral\u0131lar\u0131n say\u0131s\u0131n\u0131n ise 792\u2019ye y\u00fckseldi\u011fini ilan etti.<\/p>\n<p>\u0130\u015fgal u\u00e7aklar\u0131n\u0131n Gazze kenti do\u011fusundaki el Tuffah Semtine y\u00f6nelik en son bombard\u0131man\u0131nda 3 Filistinli \u015fehit d\u00fc\u015fm\u00fc\u015ft\u00fc.<\/p>\n<p>\u0130\u015fgal u\u00e7aklar\u0131n\u0131n hedef ald\u0131\u011f\u0131 yerler aras\u0131nda Gazze Kesimi kuzeyindeki Beyt Lahya Beldesindeki Mabarra Engelliler Cemiyetini hedef almas\u0131 sonucunda da 3 Filistinli \u015fehit d\u00fc\u015ft\u00fc 5 ki\u015fi de yaraland\u0131.<\/p>\n<p>\u0130srail \u0130\u015fgal U\u00e7aklar\u0131 bu sabah 10 dakika i\u00e7erisinde Rafah ve Deyr el Belah aras\u0131ndaki muhtelif b\u00f6lgelerde yakla\u015f\u0131k 20 hava bombard\u0131man\u0131 ger\u00e7ekle\u015ftirdi.<\/p>\n","protected":false},"excerpt":{"rendered":"<p>GAZZE \u2013 \u0130srail i\u015fgal g\u00fc\u00e7leri Gazze kesimine y\u00f6nelik d\u00fczenledi\u011fi sald\u0131r\u0131lar\u0131n\u0131 s\u00fcrd\u00fcrd\u00fc. Filistin sa\u011fl\u0131k kaynaklar\u0131 ge\u00e7en Pazartesi g\u00fcn\u00fcnden beri devam eden sald\u0131r\u0131larda kurban d\u00fc\u015fenlerin say\u0131s\u0131n\u0131n 121 \u015fehit, yaral\u0131lar\u0131n say\u0131s\u0131n\u0131n ise 792\u2019ye y\u00fckseldi\u011fini ilan etti. \u0130\u015fgal u\u00e7aklar\u0131n\u0131n Gazze kenti do\u011fusundaki el Tuffah Semtine y\u00f6nelik en son bombard\u0131man\u0131nda 3 Filistinli \u015fehit d\u00fc\u015fm\u00fc\u015ft\u00fc. \u0130\u015fgal u\u00e7aklar\u0131n\u0131n hedef ald\u0131\u011f\u0131 yerler aras\u0131nda &hellip;<\/p>\n","protected":false},"author":1,"featured_media":5063,"comment_status":"closed","ping_status":"closed","sticky":false,"template":"","format":"standard","meta":{"footnotes":""},"categories":[458,459],"tags":[1106],"class_list":["post-5061","post","type-post","status-publish","format-standard","has-post-thumbnail","","category-dunya1","category-haberler-arap-uluslararasi-politika","tag-isgalci-israilin-gazzeye-yonelik-bombardimanlarinda-sehit-sayisi-121e-yukseldi"],"_links":{"self":[{"href":"https:\/\/archive.sana.sy\/tr\/index.php?rest_route=\/wp\/v2\/posts\/5061","targetHints":{"allow":["GET"]}}],"collection":[{"href":"https:\/\/archive.sana.sy\/tr\/index.php?rest_route=\/wp\/v2\/posts"}],"about":[{"href":"https:\/\/archive.sana.sy\/tr\/index.php?rest_route=\/wp\/v2\/types\/post"}],"author":[{"embeddable":true,"href":"https:\/\/archive.sana.sy\/tr\/index.php?rest_route=\/wp\/v2\/users\/1"}],"replies":[{"embeddable":true,"href":"https:\/\/archive.sana.sy\/tr\/index.php?rest_route=%2Fwp%2Fv2%2Fcomments&post=5061"}],"version-history":[{"count":0,"href":"https:\/\/archive.sana.sy\/tr\/index.php?rest_route=\/wp\/v2\/posts\/5061\/revisions"}],"wp:featuredmedia":[{"embeddable":true,"href":"https:\/\/archive.sana.sy\/tr\/index.php?rest_route=\/wp\/v2\/media\/5063"}],"wp:attachment":[{"href":"https:\/\/archive.sana.sy\/tr\/index.php?rest_route=%2Fwp%2Fv2%2Fmedia&parent=5061"}],"wp:term":[{"taxonomy":"category","embeddable":true,"href":"https:\/\/archive.sana.sy\/tr\/index.php?rest_route=%2Fwp%2Fv2%2Fcategories&post=5061"},{"taxonomy":"post_tag","embeddable":true,"href":"https:\/\/archive.sana.sy\/tr\/index.php?rest_route=%2Fwp%2Fv2%2Ftags&post=5061"}],"curies":[{"name":"wp","href":"https:\/\/api.w.org\/{rel}","templated":true}]}}