{"id":50624,"date":"2015-10-26T09:00:25","date_gmt":"2015-10-26T06:00:25","guid":{"rendered":"http:\/\/sana.sy\/tr\/?p=50624"},"modified":"2015-10-26T14:20:04","modified_gmt":"2015-10-26T11:20:04","slug":"askeri-kaynak-hama-ve-idlib-kirsallarinda-teror-orgutlerin-toplanma-yerleri-ve-mevkilerini-yogun-atese-tutan-hava-guclerimizin-esriye-cana-el-elbavi-ve-han-seyhun-bolgelerinde-yuksek-sayida-terorist","status":"publish","type":"post","link":"https:\/\/archive.sana.sy\/tr\/?p=50624","title":{"rendered":"Askeri kaynak Hama ve \u0130dlib k\u0131rsallar\u0131nda ter\u00f6r \u00f6rg\u00fctlerin toplanma yerleri ve mevkilerini yo\u011fun ate\u015fe tutan hava g\u00fc\u00e7lerimizin; Esriye, Cana el Elbavi ve Han \u015eeyhun b\u00f6lgelerinde y\u00fcksek say\u0131da ter\u00f6risti \u00f6l\u00fc ve yaral\u0131 d\u00fc\u015f\u00fcrd\u00fcklerini ifade etti"},"content":{"rendered":"<p>Askeri kaynak Hama ve \u0130dlib k\u0131rsallar\u0131nda ter\u00f6r \u00f6rg\u00fctlerin toplanma yerleri ve mevkilerini yo\u011fun ate\u015fe tutan hava g\u00fc\u00e7lerimizin; Esriye, Cana el Elbavi ve Han \u015eeyhun b\u00f6lgelerinde y\u00fcksek say\u0131da ter\u00f6risti \u00f6l\u00fc ve yaral\u0131 d\u00fc\u015f\u00fcrd\u00fcklerini ifade etti<\/p>\n","protected":false},"excerpt":{"rendered":"<p>Askeri kaynak Hama ve \u0130dlib k\u0131rsallar\u0131nda ter\u00f6r \u00f6rg\u00fctlerin toplanma yerleri ve mevkilerini yo\u011fun ate\u015fe tutan hava g\u00fc\u00e7lerimizin; Esriye, Cana el Elbavi ve Han \u015eeyhun b\u00f6lgelerinde y\u00fcksek say\u0131da ter\u00f6risti \u00f6l\u00fc ve yaral\u0131 d\u00fc\u015f\u00fcrd\u00fcklerini ifade etti<\/p>\n","protected":false},"author":1,"featured_media":0,"comment_status":"closed","ping_status":"closed","sticky":false,"template":"","format":"standard","meta":{"footnotes":""},"categories":[1],"tags":[17429,17430],"class_list":["post-50624","post","type-post","status-publish","format-standard","","category-news-not-sorted","tag-askeri-kaynak-hama-ve-idlib-kirsallarinda-teror-orgutlerin-toplanma-yerleri-ve-mevkilerini-yogun-atese-tutan-hava-guclerimizin-esriye","tag-cana-el-elbavi-ve-han-seyhun-bolgelerinde-yuksek-sayida-teroristi-olu-ve-yarali-dusurduklerini-ifade-etti"],"_links":{"self":[{"href":"https:\/\/archive.sana.sy\/tr\/index.php?rest_route=\/wp\/v2\/posts\/50624","targetHints":{"allow":["GET"]}}],"collection":[{"href":"https:\/\/archive.sana.sy\/tr\/index.php?rest_route=\/wp\/v2\/posts"}],"about":[{"href":"https:\/\/archive.sana.sy\/tr\/index.php?rest_route=\/wp\/v2\/types\/post"}],"author":[{"embeddable":true,"href":"https:\/\/archive.sana.sy\/tr\/index.php?rest_route=\/wp\/v2\/users\/1"}],"replies":[{"embeddable":true,"href":"https:\/\/archive.sana.sy\/tr\/index.php?rest_route=%2Fwp%2Fv2%2Fcomments&post=50624"}],"version-history":[{"count":0,"href":"https:\/\/archive.sana.sy\/tr\/index.php?rest_route=\/wp\/v2\/posts\/50624\/revisions"}],"wp:attachment":[{"href":"https:\/\/archive.sana.sy\/tr\/index.php?rest_route=%2Fwp%2Fv2%2Fmedia&parent=50624"}],"wp:term":[{"taxonomy":"category","embeddable":true,"href":"https:\/\/archive.sana.sy\/tr\/index.php?rest_route=%2Fwp%2Fv2%2Fcategories&post=50624"},{"taxonomy":"post_tag","embeddable":true,"href":"https:\/\/archive.sana.sy\/tr\/index.php?rest_route=%2Fwp%2Fv2%2Ftags&post=50624"}],"curies":[{"name":"wp","href":"https:\/\/api.w.org\/{rel}","templated":true}]}}