{"id":5065,"date":"2014-07-13T11:20:32","date_gmt":"2014-07-13T08:20:32","guid":{"rendered":"http:\/\/www.sana.sy\/tr\/?p=5065"},"modified":"2014-07-13T16:10:58","modified_gmt":"2014-07-13T13:10:58","slug":"kahraman-birliklerin-teroristleri-kovalama-operasyonlari-basarilarla-suruyor","status":"publish","type":"post","link":"https:\/\/archive.sana.sy\/tr\/?p=5065","title":{"rendered":"Kahraman Birliklerin Ter\u00f6ristleri Kovalama Operasyonlar\u0131 Ba\u015far\u0131yla S\u00fcr\u00fcyor"},"content":{"rendered":"<p>\u0130LLER &#8211; Ordu ve silahl\u0131 kuvvetlere tabi kahraman birliklerimizin kiral\u0131k ter\u00f6rist gruplara y\u00f6nelik ba\u015far\u0131l\u0131 operasyonlar\u0131n\u0131 \u015eam ve Kunaytra K\u0131rsallar\u0131, Dera ve k\u0131rsal\u0131nda ba\u015far\u0131yla s\u00fcrd\u00fcr\u00fcyor. Operasyonlarda \u00e7ok say\u0131da ter\u00f6rist su\u00e7 edatlar\u0131yla birlikte etkisiz hale getirildi.<\/p>\n<p><span style=\"color: #0000ff\">\u015eam ve Kunaytra K\u0131rsallar\u0131nda \u00c7ok Say\u0131da Ter\u00f6rist \u00d6ld\u00fcr\u00fcld\u00fc<\/span><\/p>\n<p>Askeri kaynak SANA\u2019ya a\u00e7\u0131klamas\u0131nda, askeri birliklerimizin Kunaytra k\u0131rsal\u0131 Kodana Beldesi &#8211; Resm el Akra ve Ayn el Derb Beldesinde ter\u00f6ristlerin toplanma merkezlerini hedef almas\u0131 sonucunda \u00e7ok say\u0131da ter\u00f6ristin \u00f6l\u00fc ve yaral\u0131 d\u00fc\u015f\u00fcr\u00fcld\u00fc\u011f\u00fcn\u00fc belirtti.<\/p>\n<p>\u015eam K\u0131rsal\u0131nda da, ordu ve silahl\u0131 kuvvetlerimize tabi birliklerin Beyt Teyma Beldesinde ter\u00f6rist bir grubun askeri kontrol noktas\u0131na s\u0131zma giri\u015fimini \u00e7\u00f6kerterek elemanlar\u0131n\u0131 \u00f6l\u00fc ve yaral\u0131 d\u00fc\u015f\u00fcrd\u00fc\u011f\u00fcn\u00fc belirtti.<\/p>\n<p>Han el \u015eih \u00c7iftliklerinde de ter\u00f6ristlerin toplanma merkez ve h\u00fccrelerini hedef almalar\u0131 sonucunda \u00e7ok say\u0131da ter\u00f6rist \u00f6ld\u00fc ve yaraland\u0131 su\u00e7 edatlar\u0131 da imha edildi.<\/p>\n<p><span style=\"color: #0000ff\">Halep\u2019te Ter\u00f6ristlerin S\u0131zma Giri\u015fimleri \u00c7\u00f6kertildi<\/span><\/p>\n<p>Askeri Kaynak, ordu birliklerinin Halep Leyremun ve Yetimler Yurdu \u00e7evresinde silahl\u0131 bir ter\u00f6r grubunun askeri kontrol noktas\u0131na s\u0131zma giri\u015fimlerini \u00e7\u00f6kerterek elemanlar\u0131n\u0131 \u00f6l\u00fc ve yaral\u0131 d\u00fc\u015f\u00fcrd\u00fc\u011f\u00fcn\u00fc belirtti.<\/p>\n<p>Ordu birliklerimizin Halep\u2019in Deyr Cemmal, Nenai Meydan\u0131, Mellah, Ba\u015fkuva, Daret Ezza Ara\u015ft\u0131rma Merkezi yak\u0131nlar\u0131, \u0130leti\u015fim Binas\u0131 civar\u0131 ve Aftoma\u015fin b\u00f6lgelerinde bir\u00e7ok ter\u00f6r yuvas\u0131n\u0131 muhtevalar\u0131yla hedef ald\u0131klar\u0131n\u0131 belirten askeri kaynak; operasyonlarda aralar\u0131nda yabanc\u0131lar\u0131n bulundu\u011fu onlarca ter\u00f6ristin \u00f6ld\u00fcr\u00fcld\u00fc\u011f\u00fcn\u00fc belirtti. Kaynak ayn\u0131 zamanda kulland\u0131klar\u0131 ara\u00e7 ve te\u00e7hizatlar\u0131n da imha edildi\u011fini aktard\u0131.<\/p>\n<p><span style=\"color: #0000ff\">\u0130dlib K\u0131rsal\u0131nda Onlarca Ter\u00f6rist \u00d6ld\u00fcr\u00fcld\u00fc<\/span><\/p>\n<p>Askeri kaynak ordu birliklerimizin \u0130dlib k\u0131rsal\u0131n\u0131n Nahla ve Muarrat el Numan b\u00f6lgelerinde ter\u00f6r yuvalar\u0131n\u0131 i\u00e7indeki ter\u00f6ristlerle birlikte imha etti.<\/p>\n<p>Kaynak operasyonlarda aralar\u0131nda az\u0131l\u0131 eleba\u015flar\u0131n ve yabanc\u0131lar\u0131n bulundu\u011fu onlarca ter\u00f6ristin cephane ve ara\u00e7lar\u0131yla birlikte etkisiz hale getirildiklerini belirtti.<\/p>\n<p><span style=\"color: #0000ff\">Dera\u2019da Ter\u00f6rist H\u00fccreler Hedef Al\u0131nd\u0131 \u00c7ok Say\u0131da Ter\u00f6rist \u00d6ld\u00fcr\u00fcld\u00fc<\/span><\/p>\n<p>Askeri kaynak, kahraman birliklerimizin Dera ve Dera k\u0131rsal\u0131n\u0131n bir \u00e7ok K\u00f6y, Belde ve Semtinde d\u00fczenledi\u011fi ba\u015far\u0131l\u0131 operasyonlar sonucunda \u00e7ok say\u0131da ter\u00f6ristin \u00f6l\u00fc ve yaral\u0131 d\u00fc\u015f\u00fcr\u00fcld\u00fc\u011f\u00fcn\u00fc su\u00e7 edatlar\u0131n\u0131n da etkisiz hale getirildi\u011fini s\u00f6yledi.<\/p>\n<p>Kahraman birliklerimiz ayr\u0131ca Dera Beled\u2019in, Becabice Mahallesi, Eski G\u00fcmr\u00fck \u00c7evresi, 4\u2019l\u00fc Barikat, Baraj Yolu ve Abbasiler F\u0131r\u0131n\u0131 G\u00fcneyinde ter\u00f6ristlerin toplanma merkezlerinin hedef al\u0131nd\u0131\u011f\u0131n\u0131 \u00e7ok say\u0131da ter\u00f6risti de \u00f6ld\u00fcrd\u00fc.<\/p>\n<p><span style=\"color: #0000ff\">Homs K\u0131rsal\u0131nda Yuvalar\u0131 \u0130mha Ediliyor<\/span><\/p>\n<p>Vatan koruyucular\u0131m\u0131z Homs iline tabi Huvla\u2019n\u0131n k\u0131rsal\u0131 Teldo B\u00f6lgesinin yan\u0131 s\u0131ra Telbise\u2019nin k\u0131rsal\u0131 Deyr Ful ve \u0130zettin b\u00f6lgelerine ilaveten Ebu Havadid, Ar\u015funa ve Um Sahric b\u00f6lgelerinde ter\u00f6r gruplar\u0131n\u0131n yuva ve k\u00fcmelenme yerlerini hedef ald\u0131.<\/p>\n<p>Askeri kaynak operasyonlarda onlarca ter\u00f6ristin \u00f6l\u00fc yaral\u0131 d\u00fc\u015f\u00fcr\u00fcld\u00fc\u011f\u00fcn\u00fc aktar\u0131rken, bir k\u0131sm\u0131 a\u011f\u0131r makineli silahlarla donat\u0131lm\u0131\u015f bir\u00e7ok ara\u00e7lar\u0131n\u0131n da imha edildi\u011fini belirtti.<\/p>\n","protected":false},"excerpt":{"rendered":"<p>\u0130LLER &#8211; Ordu ve silahl\u0131 kuvvetlere tabi kahraman birliklerimizin kiral\u0131k ter\u00f6rist gruplara y\u00f6nelik ba\u015far\u0131l\u0131 operasyonlar\u0131n\u0131 \u015eam ve Kunaytra K\u0131rsallar\u0131, Dera ve k\u0131rsal\u0131nda ba\u015far\u0131yla s\u00fcrd\u00fcr\u00fcyor. Operasyonlarda \u00e7ok say\u0131da ter\u00f6rist su\u00e7 edatlar\u0131yla birlikte etkisiz hale getirildi. \u015eam ve Kunaytra K\u0131rsallar\u0131nda \u00c7ok Say\u0131da Ter\u00f6rist \u00d6ld\u00fcr\u00fcld\u00fc Askeri kaynak SANA\u2019ya a\u00e7\u0131klamas\u0131nda, askeri birliklerimizin Kunaytra k\u0131rsal\u0131 Kodana Beldesi &#8211; Resm el &hellip;<\/p>\n","protected":false},"author":1,"featured_media":5066,"comment_status":"closed","ping_status":"closed","sticky":false,"template":"","format":"standard","meta":{"footnotes":""},"categories":[575],"tags":[1107],"class_list":["post-5065","post","type-post","status-publish","format-standard","has-post-thumbnail","","category-olaylar-ve-gercekler","tag-kahraman-birliklerin-teroristleri-kovalama-operasyonlari-basarilarla-suruyor"],"_links":{"self":[{"href":"https:\/\/archive.sana.sy\/tr\/index.php?rest_route=\/wp\/v2\/posts\/5065","targetHints":{"allow":["GET"]}}],"collection":[{"href":"https:\/\/archive.sana.sy\/tr\/index.php?rest_route=\/wp\/v2\/posts"}],"about":[{"href":"https:\/\/archive.sana.sy\/tr\/index.php?rest_route=\/wp\/v2\/types\/post"}],"author":[{"embeddable":true,"href":"https:\/\/archive.sana.sy\/tr\/index.php?rest_route=\/wp\/v2\/users\/1"}],"replies":[{"embeddable":true,"href":"https:\/\/archive.sana.sy\/tr\/index.php?rest_route=%2Fwp%2Fv2%2Fcomments&post=5065"}],"version-history":[{"count":0,"href":"https:\/\/archive.sana.sy\/tr\/index.php?rest_route=\/wp\/v2\/posts\/5065\/revisions"}],"wp:featuredmedia":[{"embeddable":true,"href":"https:\/\/archive.sana.sy\/tr\/index.php?rest_route=\/wp\/v2\/media\/5066"}],"wp:attachment":[{"href":"https:\/\/archive.sana.sy\/tr\/index.php?rest_route=%2Fwp%2Fv2%2Fmedia&parent=5065"}],"wp:term":[{"taxonomy":"category","embeddable":true,"href":"https:\/\/archive.sana.sy\/tr\/index.php?rest_route=%2Fwp%2Fv2%2Fcategories&post=5065"},{"taxonomy":"post_tag","embeddable":true,"href":"https:\/\/archive.sana.sy\/tr\/index.php?rest_route=%2Fwp%2Fv2%2Ftags&post=5065"}],"curies":[{"name":"wp","href":"https:\/\/api.w.org\/{rel}","templated":true}]}}