{"id":5068,"date":"2014-07-12T12:59:26","date_gmt":"2014-07-12T09:59:26","guid":{"rendered":"http:\/\/www.sana.sy\/tr\/?p=5068"},"modified":"2014-07-12T12:59:26","modified_gmt":"2014-07-12T09:59:26","slug":"suriyeye-4-takdir-belgesi","status":"publish","type":"post","link":"https:\/\/archive.sana.sy\/tr\/?p=5068","title":{"rendered":"Suriye&#8217;ye 4 Takdir Belgesi"},"content":{"rendered":"<p>\u015eAM \u2013 06-13 Temmuz tarihleri aras\u0131nda G\u00fcney Afrika&#8217;da d\u00fczenlenen Uluslararas\u0131 Matematik Bilimsel Olimpiyatlar\u0131na kat\u0131lan Suriye ulusal ekibi 4 takdir belgesi ald\u0131.<\/p>\n<p>Bilimsel Olimpiyatlarda ulusal ekibimiz bu ay\u0131n 12 ila 19 tarihleri aras\u0131nda Tayvan\u2019da d\u00fczenlenen Uluslararas\u0131 Bili\u015fim Olimpiyatlar\u0131n\u0131n yan\u0131 s\u0131ra Kazakistan\u2019da d\u00fczenlenen uluslar aras\u0131 fizik ve bili\u015fim olimpiyatlar\u0131na da kat\u0131l\u0131yor.<\/p>\n<p>Ulusal ekibimiz daha \u00f6nce muhtelif devletlerde d\u00fczenlenen bilimsel olimpiyatlarda bir dizi ba\u015far\u0131ya imza atm\u0131\u015ft\u0131.<\/p>\n","protected":false},"excerpt":{"rendered":"<p>\u015eAM \u2013 06-13 Temmuz tarihleri aras\u0131nda G\u00fcney Afrika&#8217;da d\u00fczenlenen Uluslararas\u0131 Matematik Bilimsel Olimpiyatlar\u0131na kat\u0131lan Suriye ulusal ekibi 4 takdir belgesi ald\u0131. Bilimsel Olimpiyatlarda ulusal ekibimiz bu ay\u0131n 12 ila 19 tarihleri aras\u0131nda Tayvan\u2019da d\u00fczenlenen Uluslararas\u0131 Bili\u015fim Olimpiyatlar\u0131n\u0131n yan\u0131 s\u0131ra Kazakistan\u2019da d\u00fczenlenen uluslar aras\u0131 fizik ve bili\u015fim olimpiyatlar\u0131na da kat\u0131l\u0131yor. Ulusal ekibimiz daha \u00f6nce muhtelif devletlerde &hellip;<\/p>\n","protected":false},"author":1,"featured_media":5069,"comment_status":"closed","ping_status":"closed","sticky":false,"template":"","format":"standard","meta":{"footnotes":""},"categories":[479,478],"tags":[1108],"class_list":["post-5068","post","type-post","status-publish","format-standard","has-post-thumbnail","","category-haberler-yerel","category-yerel","tag-suriyeye-4-takdir-belgesi"],"_links":{"self":[{"href":"https:\/\/archive.sana.sy\/tr\/index.php?rest_route=\/wp\/v2\/posts\/5068","targetHints":{"allow":["GET"]}}],"collection":[{"href":"https:\/\/archive.sana.sy\/tr\/index.php?rest_route=\/wp\/v2\/posts"}],"about":[{"href":"https:\/\/archive.sana.sy\/tr\/index.php?rest_route=\/wp\/v2\/types\/post"}],"author":[{"embeddable":true,"href":"https:\/\/archive.sana.sy\/tr\/index.php?rest_route=\/wp\/v2\/users\/1"}],"replies":[{"embeddable":true,"href":"https:\/\/archive.sana.sy\/tr\/index.php?rest_route=%2Fwp%2Fv2%2Fcomments&post=5068"}],"version-history":[{"count":0,"href":"https:\/\/archive.sana.sy\/tr\/index.php?rest_route=\/wp\/v2\/posts\/5068\/revisions"}],"wp:featuredmedia":[{"embeddable":true,"href":"https:\/\/archive.sana.sy\/tr\/index.php?rest_route=\/wp\/v2\/media\/5069"}],"wp:attachment":[{"href":"https:\/\/archive.sana.sy\/tr\/index.php?rest_route=%2Fwp%2Fv2%2Fmedia&parent=5068"}],"wp:term":[{"taxonomy":"category","embeddable":true,"href":"https:\/\/archive.sana.sy\/tr\/index.php?rest_route=%2Fwp%2Fv2%2Fcategories&post=5068"},{"taxonomy":"post_tag","embeddable":true,"href":"https:\/\/archive.sana.sy\/tr\/index.php?rest_route=%2Fwp%2Fv2%2Ftags&post=5068"}],"curies":[{"name":"wp","href":"https:\/\/api.w.org\/{rel}","templated":true}]}}