{"id":50681,"date":"2015-10-27T09:31:28","date_gmt":"2015-10-27T06:31:28","guid":{"rendered":"http:\/\/sana.sy\/tr\/?p=50681"},"modified":"2015-10-27T09:31:28","modified_gmt":"2015-10-27T06:31:28","slug":"putin-suudi-krali-ile-suriye-krizinin-cozum-yontemlerini-inceledi","status":"publish","type":"post","link":"https:\/\/archive.sana.sy\/tr\/?p=50681","title":{"rendered":"Putin Suudi Kral\u0131 \u0130le Suriye Krizinin \u00c7\u00f6z\u00fcm Y\u00f6ntemlerini \u0130nceledi"},"content":{"rendered":"<p>MOSKOVA \u2013 Kremlin, Ba\u015fkan Vladimir Putin\u2019in Suudi Arabistan Kral\u0131 Selman Bin Abd\u00fclaziz ile yapt\u0131\u011f\u0131 telefon g\u00f6r\u00fc\u015fmesinde Suriye\u2019de ya\u015fanmakta olan son geli\u015fmeleri ve hem Suriye\u2019de hem de b\u00f6lgede kiriz haline gelen olaylar\u0131n \u00e7\u00f6z\u00fcm y\u00f6ntemlerini inceledi\u011fini a\u00e7\u0131klad\u0131.<\/p>\n<p>Kremlin\u2019den d\u00fcn yay\u0131nlanan bir beyanda Putin\u2019in Suudi Arabistan Kral\u0131 ile Suriye krizine ili\u015fkin Viyana\u2019da ge\u00e7ti\u011fimiz Cuma g\u00fcn\u00fc d\u00fczenlenen toplant\u0131n\u0131n sonu\u00e7lar\u0131 ba\u015fta olmak \u00fczere b\u00fct\u00fcn ba\u015fl\u0131klarla ilgili fikir al\u0131\u015fveri\u015finde bulundu\u011funu ifade etti.<br \/>\nBeyanda g\u00f6r\u00fc\u015fmenin Suudi Arabistan taraf\u0131ndan ger\u00e7ekle\u015fen bir giri\u015fimle yap\u0131ld\u0131\u011f\u0131 belirtildi.<\/p>\n<p>F.B. &#8211; R.H.<\/p>\n","protected":false},"excerpt":{"rendered":"<p>MOSKOVA \u2013 Kremlin, Ba\u015fkan Vladimir Putin\u2019in Suudi Arabistan Kral\u0131 Selman Bin Abd\u00fclaziz ile yapt\u0131\u011f\u0131 telefon g\u00f6r\u00fc\u015fmesinde Suriye\u2019de ya\u015fanmakta olan son geli\u015fmeleri ve hem Suriye\u2019de hem de b\u00f6lgede kiriz haline gelen olaylar\u0131n \u00e7\u00f6z\u00fcm y\u00f6ntemlerini inceledi\u011fini a\u00e7\u0131klad\u0131. Kremlin\u2019den d\u00fcn yay\u0131nlanan bir beyanda Putin\u2019in Suudi Arabistan Kral\u0131 ile Suriye krizine ili\u015fkin Viyana\u2019da ge\u00e7ti\u011fimiz Cuma g\u00fcn\u00fc d\u00fczenlenen toplant\u0131n\u0131n sonu\u00e7lar\u0131 &hellip;<\/p>\n","protected":false},"author":1,"featured_media":50682,"comment_status":"closed","ping_status":"closed","sticky":false,"template":"","format":"standard","meta":{"footnotes":""},"categories":[458,459,447],"tags":[17443],"class_list":["post-50681","post","type-post","status-publish","format-standard","has-post-thumbnail","","category-dunya1","category-haberler-arap-uluslararasi-politika","category-politika","tag-putin-suudi-krali-ile-suriye-krizinin-cozum-yontemlerini-inceledi"],"_links":{"self":[{"href":"https:\/\/archive.sana.sy\/tr\/index.php?rest_route=\/wp\/v2\/posts\/50681","targetHints":{"allow":["GET"]}}],"collection":[{"href":"https:\/\/archive.sana.sy\/tr\/index.php?rest_route=\/wp\/v2\/posts"}],"about":[{"href":"https:\/\/archive.sana.sy\/tr\/index.php?rest_route=\/wp\/v2\/types\/post"}],"author":[{"embeddable":true,"href":"https:\/\/archive.sana.sy\/tr\/index.php?rest_route=\/wp\/v2\/users\/1"}],"replies":[{"embeddable":true,"href":"https:\/\/archive.sana.sy\/tr\/index.php?rest_route=%2Fwp%2Fv2%2Fcomments&post=50681"}],"version-history":[{"count":0,"href":"https:\/\/archive.sana.sy\/tr\/index.php?rest_route=\/wp\/v2\/posts\/50681\/revisions"}],"wp:featuredmedia":[{"embeddable":true,"href":"https:\/\/archive.sana.sy\/tr\/index.php?rest_route=\/wp\/v2\/media\/50682"}],"wp:attachment":[{"href":"https:\/\/archive.sana.sy\/tr\/index.php?rest_route=%2Fwp%2Fv2%2Fmedia&parent=50681"}],"wp:term":[{"taxonomy":"category","embeddable":true,"href":"https:\/\/archive.sana.sy\/tr\/index.php?rest_route=%2Fwp%2Fv2%2Fcategories&post=50681"},{"taxonomy":"post_tag","embeddable":true,"href":"https:\/\/archive.sana.sy\/tr\/index.php?rest_route=%2Fwp%2Fv2%2Ftags&post=50681"}],"curies":[{"name":"wp","href":"https:\/\/api.w.org\/{rel}","templated":true}]}}