{"id":50692,"date":"2015-10-27T09:20:04","date_gmt":"2015-10-27T06:20:04","guid":{"rendered":"http:\/\/www.sana.sy\/tr\/?p=50692"},"modified":"2015-10-27T13:27:02","modified_gmt":"2015-10-27T10:27:02","slug":"halep-kentinde-teroristlerin-azamiye-semtine-fuzelerle-saldirmalari-sonucunda-aralarinda-bir-kadin-ve-bir-cocugun-bulundugu-4-kisi-sehit-duserken-cogu-kadin-ve-cocuklardan-olusan-26-kisi-de-yaralandi","status":"publish","type":"post","link":"https:\/\/archive.sana.sy\/tr\/?p=50692","title":{"rendered":"Halep Kentinde ter\u00f6ristlerin Azamiye Semtine f\u00fczelerle sald\u0131rmalar\u0131 sonucunda aralar\u0131nda bir kad\u0131n ve bir \u00e7ocu\u011fun bulundu\u011fu 4 ki\u015fi \u015fehit d\u00fc\u015ferken, \u00e7o\u011fu kad\u0131n ve \u00e7ocuklardan olu\u015fan 26 ki\u015fi de yaraland\u0131."},"content":{"rendered":"<p>Halep Kentinde ter\u00f6ristlerin Azamiye Semtine f\u00fczelerle sald\u0131rmalar\u0131 sonucunda aralar\u0131nda bir kad\u0131n ve bir \u00e7ocu\u011fun bulundu\u011fu 4 ki\u015fi \u015fehit d\u00fc\u015ferken, \u00e7o\u011fu kad\u0131n ve \u00e7ocuklardan olu\u015fan 26 ki\u015fi de yaraland\u0131.<\/p>\n","protected":false},"excerpt":{"rendered":"<p>Halep Kentinde ter\u00f6ristlerin Azamiye Semtine f\u00fczelerle sald\u0131rmalar\u0131 sonucunda aralar\u0131nda bir kad\u0131n ve bir \u00e7ocu\u011fun bulundu\u011fu 4 ki\u015fi \u015fehit d\u00fc\u015ferken, \u00e7o\u011fu kad\u0131n ve \u00e7ocuklardan olu\u015fan 26 ki\u015fi de yaraland\u0131.<\/p>\n","protected":false},"author":1,"featured_media":0,"comment_status":"closed","ping_status":"closed","sticky":false,"template":"","format":"standard","meta":{"footnotes":""},"categories":[1],"tags":[],"class_list":["post-50692","post","type-post","status-publish","format-standard","","category-news-not-sorted"],"_links":{"self":[{"href":"https:\/\/archive.sana.sy\/tr\/index.php?rest_route=\/wp\/v2\/posts\/50692","targetHints":{"allow":["GET"]}}],"collection":[{"href":"https:\/\/archive.sana.sy\/tr\/index.php?rest_route=\/wp\/v2\/posts"}],"about":[{"href":"https:\/\/archive.sana.sy\/tr\/index.php?rest_route=\/wp\/v2\/types\/post"}],"author":[{"embeddable":true,"href":"https:\/\/archive.sana.sy\/tr\/index.php?rest_route=\/wp\/v2\/users\/1"}],"replies":[{"embeddable":true,"href":"https:\/\/archive.sana.sy\/tr\/index.php?rest_route=%2Fwp%2Fv2%2Fcomments&post=50692"}],"version-history":[{"count":0,"href":"https:\/\/archive.sana.sy\/tr\/index.php?rest_route=\/wp\/v2\/posts\/50692\/revisions"}],"wp:attachment":[{"href":"https:\/\/archive.sana.sy\/tr\/index.php?rest_route=%2Fwp%2Fv2%2Fmedia&parent=50692"}],"wp:term":[{"taxonomy":"category","embeddable":true,"href":"https:\/\/archive.sana.sy\/tr\/index.php?rest_route=%2Fwp%2Fv2%2Fcategories&post=50692"},{"taxonomy":"post_tag","embeddable":true,"href":"https:\/\/archive.sana.sy\/tr\/index.php?rest_route=%2Fwp%2Fv2%2Ftags&post=50692"}],"curies":[{"name":"wp","href":"https:\/\/api.w.org\/{rel}","templated":true}]}}