{"id":50699,"date":"2015-10-27T10:00:36","date_gmt":"2015-10-27T07:00:36","guid":{"rendered":"http:\/\/www.sana.sy\/tr\/?p=50699"},"modified":"2015-10-27T14:19:14","modified_gmt":"2015-10-27T11:19:14","slug":"sanaya-aciklama-yapan-askeri-bir-kaynak-hava-guclerimizin-hama-kirsalinin-esriya-bolgesinin-guneyi-ve-tebbarat-el-sahhananin-guneyinde-teroristlere-ait-bircok-araci-yukleriyle-birlik","status":"publish","type":"post","link":"https:\/\/archive.sana.sy\/tr\/?p=50699","title":{"rendered":"SANA\u2019ya a\u00e7\u0131klama yapan askeri bir kaynak hava g\u00fc\u00e7lerimizin Hama k\u0131rsal\u0131n\u0131n Esriya B\u00f6lgesinin g\u00fcneyi ve Tebbarat el Sahhana\u2019n\u0131n g\u00fcneyinde ter\u00f6ristlere ait bir\u00e7ok arac\u0131 y\u00fckleriyle birlikte imha ederek y\u00fcksek say\u0131da ter\u00f6risti \u00f6ld\u00fcrd\u00fcklerini belirtti."},"content":{"rendered":"<p>SANA\u2019ya a\u00e7\u0131klama yapan askeri bir kaynak hava g\u00fc\u00e7lerimizin Hama k\u0131rsal\u0131n\u0131n Esriya B\u00f6lgesinin g\u00fcneyi ve Tebbarat el Sahhana\u2019n\u0131n g\u00fcneyinde ter\u00f6ristlere ait bir\u00e7ok arac\u0131 y\u00fckleriyle birlikte imha ederek y\u00fcksek say\u0131da ter\u00f6risti \u00f6ld\u00fcrd\u00fcklerini belirtti.<\/p>\n","protected":false},"excerpt":{"rendered":"<p>SANA\u2019ya a\u00e7\u0131klama yapan askeri bir kaynak hava g\u00fc\u00e7lerimizin Hama k\u0131rsal\u0131n\u0131n Esriya B\u00f6lgesinin g\u00fcneyi ve Tebbarat el Sahhana\u2019n\u0131n g\u00fcneyinde ter\u00f6ristlere ait bir\u00e7ok arac\u0131 y\u00fckleriyle birlikte imha ederek y\u00fcksek say\u0131da ter\u00f6risti \u00f6ld\u00fcrd\u00fcklerini belirtti.<\/p>\n","protected":false},"author":1,"featured_media":0,"comment_status":"closed","ping_status":"closed","sticky":false,"template":"","format":"standard","meta":{"footnotes":""},"categories":[1],"tags":[],"class_list":["post-50699","post","type-post","status-publish","format-standard","","category-news-not-sorted"],"_links":{"self":[{"href":"https:\/\/archive.sana.sy\/tr\/index.php?rest_route=\/wp\/v2\/posts\/50699","targetHints":{"allow":["GET"]}}],"collection":[{"href":"https:\/\/archive.sana.sy\/tr\/index.php?rest_route=\/wp\/v2\/posts"}],"about":[{"href":"https:\/\/archive.sana.sy\/tr\/index.php?rest_route=\/wp\/v2\/types\/post"}],"author":[{"embeddable":true,"href":"https:\/\/archive.sana.sy\/tr\/index.php?rest_route=\/wp\/v2\/users\/1"}],"replies":[{"embeddable":true,"href":"https:\/\/archive.sana.sy\/tr\/index.php?rest_route=%2Fwp%2Fv2%2Fcomments&post=50699"}],"version-history":[{"count":0,"href":"https:\/\/archive.sana.sy\/tr\/index.php?rest_route=\/wp\/v2\/posts\/50699\/revisions"}],"wp:attachment":[{"href":"https:\/\/archive.sana.sy\/tr\/index.php?rest_route=%2Fwp%2Fv2%2Fmedia&parent=50699"}],"wp:term":[{"taxonomy":"category","embeddable":true,"href":"https:\/\/archive.sana.sy\/tr\/index.php?rest_route=%2Fwp%2Fv2%2Fcategories&post=50699"},{"taxonomy":"post_tag","embeddable":true,"href":"https:\/\/archive.sana.sy\/tr\/index.php?rest_route=%2Fwp%2Fv2%2Ftags&post=50699"}],"curies":[{"name":"wp","href":"https:\/\/api.w.org\/{rel}","templated":true}]}}