{"id":5076,"date":"2014-07-12T13:44:58","date_gmt":"2014-07-12T10:44:58","guid":{"rendered":"http:\/\/www.sana.sy\/tr\/?p=5076"},"modified":"2014-07-13T16:26:54","modified_gmt":"2014-07-13T13:26:54","slug":"isgal-saldirilarina-karsi-direnis-cephesi-olusturulmasi-istendi","status":"publish","type":"post","link":"https:\/\/archive.sana.sy\/tr\/?p=5076","title":{"rendered":"\u0130\u015fgal Sald\u0131r\u0131lar\u0131na Kar\u015f\u0131 Direni\u015f Cephesi Olu\u015fturulmas\u0131 \u0130stendi"},"content":{"rendered":"<p>\u015eAM \u2013 Ceramana kamp\u0131ndaki Filistin Devrim Gruplar\u0131 Gazze Kesimindek halk\u0131m\u0131za s\u00fcregelen \u00e7irkef \u0130\u015fgalci \u0130srail sald\u0131r\u0131lar\u0131na kar\u015f\u0131 koymak i\u00e7in, Filistin Direni\u015f Gruplar\u0131n\u0131n sahada birle\u015fmesi, birle\u015ftirilmi\u015f siyasi programla birle\u015fik direni\u015f cephesi ile ortak operasyon odas\u0131n\u0131n kurulmas\u0131 zorunlulu\u011funu belirtti.<\/p>\n<p>Gruplar yay\u0131nlad\u0131klar\u0131 ve Filistin Halk Kurtulu\u015f Cephesi yetkilisi Fuat Dib\u2019in a\u00e7\u0131klad\u0131\u011f\u0131 beyanda, 2012 y\u0131l\u0131nda ate\u015fkes ittifak\u0131n\u0131n g\u00f6zlemcisi olmas\u0131 itibariyle M\u0131s\u0131r\u2019dan \u0130srail\u2019in Gazze\u2019ye y\u00f6nelik sald\u0131r\u0131s\u0131n\u0131 durdurmas\u0131 i\u00e7in \u00e7abalar\u0131n\u0131 yo\u011funla\u015ft\u0131rmas\u0131n\u0131 talep etti.<\/p>\n<p>Dib ayr\u0131ca M\u0131s\u0131r\u2019\u0131n, i\u015fgal h\u00fck\u00fcmetinin b\u00fct\u00fcn sald\u0131r\u0131 t\u00fcrlerini durdurmas\u0131, Gazze Kesimi \u00fczerinden ablukay\u0131 kald\u0131rmas\u0131 ve \u0130\u015fgalin b\u00fct\u00fcn esirleri serbest b\u0131rakmaya ba\u011fl\u0131 kalmas\u0131n\u0131 sa\u011flamas\u0131 i\u00e7in \u0130\u015fgal h\u00fck\u00fcmetine bask\u0131 uygulamas\u0131n\u0131 istedi.<\/p>\n<p>&nbsp;<\/p>\n<p><a href=\"http:\/\/www.sana.sy\/tr\/wp-content\/uploads\/2014\/07\/Filistinli-gruplar-3.jpg\"><img loading=\"lazy\" decoding=\"async\" class=\"alignleft wp-image-5078 size-medium\" src=\"http:\/\/www.sana.sy\/tr\/wp-content\/uploads\/2014\/07\/Filistinli-gruplar-3-300x160.jpg\" alt=\"Filistinli gruplar 3\" width=\"300\" height=\"160\" srcset=\"https:\/\/archive.sana.sy\/tr\/wp-content\/uploads\/2014\/07\/Filistinli-gruplar-3-300x160.jpg 300w, https:\/\/archive.sana.sy\/tr\/wp-content\/uploads\/2014\/07\/Filistinli-gruplar-3-150x80.jpg 150w, https:\/\/archive.sana.sy\/tr\/wp-content\/uploads\/2014\/07\/Filistinli-gruplar-3-1024x547.jpg 1024w, https:\/\/archive.sana.sy\/tr\/wp-content\/uploads\/2014\/07\/Filistinli-gruplar-3-620x330.jpg 620w\" sizes=\"auto, (max-width: 300px) 100vw, 300px\" \/><\/a><\/p>\n<p><a href=\"http:\/\/www.sana.sy\/tr\/wp-content\/uploads\/2014\/07\/Filistinli-gruplar-2.jpg\"><img loading=\"lazy\" decoding=\"async\" class=\"alignright wp-image-5079 size-medium\" src=\"http:\/\/www.sana.sy\/tr\/wp-content\/uploads\/2014\/07\/Filistinli-gruplar-2-300x192.jpg\" alt=\"Filistinli gruplar 2\" width=\"300\" height=\"192\" srcset=\"https:\/\/archive.sana.sy\/tr\/wp-content\/uploads\/2014\/07\/Filistinli-gruplar-2-300x192.jpg 300w, https:\/\/archive.sana.sy\/tr\/wp-content\/uploads\/2014\/07\/Filistinli-gruplar-2-150x96.jpg 150w, https:\/\/archive.sana.sy\/tr\/wp-content\/uploads\/2014\/07\/Filistinli-gruplar-2-1024x655.jpg 1024w\" sizes=\"auto, (max-width: 300px) 100vw, 300px\" \/><\/a><\/p>\n<p>&nbsp;<\/p>\n","protected":false},"excerpt":{"rendered":"<p>\u015eAM \u2013 Ceramana kamp\u0131ndaki Filistin Devrim Gruplar\u0131 Gazze Kesimindek halk\u0131m\u0131za s\u00fcregelen \u00e7irkef \u0130\u015fgalci \u0130srail sald\u0131r\u0131lar\u0131na kar\u015f\u0131 koymak i\u00e7in, Filistin Direni\u015f Gruplar\u0131n\u0131n sahada birle\u015fmesi, birle\u015ftirilmi\u015f siyasi programla birle\u015fik direni\u015f cephesi ile ortak operasyon odas\u0131n\u0131n kurulmas\u0131 zorunlulu\u011funu belirtti. Gruplar yay\u0131nlad\u0131klar\u0131 ve Filistin Halk Kurtulu\u015f Cephesi yetkilisi Fuat Dib\u2019in a\u00e7\u0131klad\u0131\u011f\u0131 beyanda, 2012 y\u0131l\u0131nda ate\u015fkes ittifak\u0131n\u0131n g\u00f6zlemcisi olmas\u0131 itibariyle &hellip;<\/p>\n","protected":false},"author":1,"featured_media":5077,"comment_status":"closed","ping_status":"closed","sticky":false,"template":"","format":"standard","meta":{"footnotes":""},"categories":[479,447,478],"tags":[1109],"class_list":["post-5076","post","type-post","status-publish","format-standard","has-post-thumbnail","","category-haberler-yerel","category-politika","category-yerel","tag-isgal-saldirilarina-karsi-direnis-cephesi-olusturulmasi-istendi"],"_links":{"self":[{"href":"https:\/\/archive.sana.sy\/tr\/index.php?rest_route=\/wp\/v2\/posts\/5076","targetHints":{"allow":["GET"]}}],"collection":[{"href":"https:\/\/archive.sana.sy\/tr\/index.php?rest_route=\/wp\/v2\/posts"}],"about":[{"href":"https:\/\/archive.sana.sy\/tr\/index.php?rest_route=\/wp\/v2\/types\/post"}],"author":[{"embeddable":true,"href":"https:\/\/archive.sana.sy\/tr\/index.php?rest_route=\/wp\/v2\/users\/1"}],"replies":[{"embeddable":true,"href":"https:\/\/archive.sana.sy\/tr\/index.php?rest_route=%2Fwp%2Fv2%2Fcomments&post=5076"}],"version-history":[{"count":0,"href":"https:\/\/archive.sana.sy\/tr\/index.php?rest_route=\/wp\/v2\/posts\/5076\/revisions"}],"wp:featuredmedia":[{"embeddable":true,"href":"https:\/\/archive.sana.sy\/tr\/index.php?rest_route=\/wp\/v2\/media\/5077"}],"wp:attachment":[{"href":"https:\/\/archive.sana.sy\/tr\/index.php?rest_route=%2Fwp%2Fv2%2Fmedia&parent=5076"}],"wp:term":[{"taxonomy":"category","embeddable":true,"href":"https:\/\/archive.sana.sy\/tr\/index.php?rest_route=%2Fwp%2Fv2%2Fcategories&post=5076"},{"taxonomy":"post_tag","embeddable":true,"href":"https:\/\/archive.sana.sy\/tr\/index.php?rest_route=%2Fwp%2Fv2%2Ftags&post=5076"}],"curies":[{"name":"wp","href":"https:\/\/api.w.org\/{rel}","templated":true}]}}