{"id":50765,"date":"2015-10-28T13:33:21","date_gmt":"2015-10-28T10:33:21","guid":{"rendered":"http:\/\/sana.sy\/tr\/?p=50765"},"modified":"2015-10-28T13:33:21","modified_gmt":"2015-10-28T10:33:21","slug":"suriyeden-terorist-getirmeleriyle-stratejimizi-degistirecegiz","status":"publish","type":"post","link":"https:\/\/archive.sana.sy\/tr\/?p=50765","title":{"rendered":"Suriye&#8217;den Ter\u00f6rist Getirmeleriyle Stratejimizi De\u011fi\u015ftirece\u011fiz"},"content":{"rendered":"<p>SANA \u2013 Yemen Silahl\u0131 Kuvvetler resmi s\u00f6zc\u00fcs\u00fc Tu\u011fgeneral \u015eeref Galip Lokman; Suudi Arabistan komutas\u0131nda koalisyonun Suriye&#8217;de muhtelif adlar alt\u0131nda faaliyet g\u00f6steren \u00f6rg\u00fctlerden ter\u00f6rist getirmeleri g\u00f6lgesinde Yemen ordusu ve g\u00fcvenlik birimlerinin sald\u0131r\u0131lara kar\u015f\u0131 koymada strateji de\u011fi\u015ftireceklerini belirtti.<\/p>\n<p>Yemen\u2019in resmi haber ajans\u0131 SABA\u2019ya yapt\u0131\u011f\u0131 a\u00e7\u0131klamada askeri s\u00f6zc\u00fc Lokman; Suudi rejimi ve koalisyonunun Blackwater, I\u015e\u0130D, Nusra Cephesi ve Suriye&#8217;de faaliyet g\u00f6steren daha ba\u015fka \u00f6rg\u00fctlerden ter\u00f6ristleri Aden\u2019e ta\u015f\u0131malar\u0131n\u0131n Yemen ordusu ve halk g\u00fc\u00e7leri \u00f6n\u00fcnde d\u00fc\u015ft\u00fckleri acizli\u011fi yans\u0131tt\u0131\u011f\u0131n\u0131 belirtti.<\/p>\n<p>Suriye ordusunun resmi s\u00f6zc\u00fcs\u00fc d\u00fcn yapt\u0131\u011f\u0131 a\u00e7\u0131klamada 10 Ekim 2015 tarihinde Suriye&#8217;den T\u00fcrkiye&#8217;ye ka\u00e7an I\u015e\u0130D\u2019li 500\u2019den fazla ter\u00f6ristin T\u00fcrk, Katar ve Birle\u015fik Arap Emirlikleri u\u00e7aklar\u0131yla T\u00fcrkiye&#8217;den Yemen\u2019e ta\u015f\u0131nd\u0131klar\u0131n\u0131 belirtmi\u015fti.<\/p>\n<p>R.H.<\/p>\n","protected":false},"excerpt":{"rendered":"<p>SANA \u2013 Yemen Silahl\u0131 Kuvvetler resmi s\u00f6zc\u00fcs\u00fc Tu\u011fgeneral \u015eeref Galip Lokman; Suudi Arabistan komutas\u0131nda koalisyonun Suriye&#8217;de muhtelif adlar alt\u0131nda faaliyet g\u00f6steren \u00f6rg\u00fctlerden ter\u00f6rist getirmeleri g\u00f6lgesinde Yemen ordusu ve g\u00fcvenlik birimlerinin sald\u0131r\u0131lara kar\u015f\u0131 koymada strateji de\u011fi\u015ftireceklerini belirtti. Yemen\u2019in resmi haber ajans\u0131 SABA\u2019ya yapt\u0131\u011f\u0131 a\u00e7\u0131klamada askeri s\u00f6zc\u00fc Lokman; Suudi rejimi ve koalisyonunun Blackwater, I\u015e\u0130D, Nusra Cephesi ve &hellip;<\/p>\n","protected":false},"author":1,"featured_media":50769,"comment_status":"closed","ping_status":"closed","sticky":false,"template":"","format":"standard","meta":{"footnotes":""},"categories":[458,459,447],"tags":[17460],"class_list":["post-50765","post","type-post","status-publish","format-standard","has-post-thumbnail","","category-dunya1","category-haberler-arap-uluslararasi-politika","category-politika","tag-suriyeden-terorist-getirmeleriyle-stratejimizi-degistirecegiz"],"_links":{"self":[{"href":"https:\/\/archive.sana.sy\/tr\/index.php?rest_route=\/wp\/v2\/posts\/50765","targetHints":{"allow":["GET"]}}],"collection":[{"href":"https:\/\/archive.sana.sy\/tr\/index.php?rest_route=\/wp\/v2\/posts"}],"about":[{"href":"https:\/\/archive.sana.sy\/tr\/index.php?rest_route=\/wp\/v2\/types\/post"}],"author":[{"embeddable":true,"href":"https:\/\/archive.sana.sy\/tr\/index.php?rest_route=\/wp\/v2\/users\/1"}],"replies":[{"embeddable":true,"href":"https:\/\/archive.sana.sy\/tr\/index.php?rest_route=%2Fwp%2Fv2%2Fcomments&post=50765"}],"version-history":[{"count":0,"href":"https:\/\/archive.sana.sy\/tr\/index.php?rest_route=\/wp\/v2\/posts\/50765\/revisions"}],"wp:featuredmedia":[{"embeddable":true,"href":"https:\/\/archive.sana.sy\/tr\/index.php?rest_route=\/wp\/v2\/media\/50769"}],"wp:attachment":[{"href":"https:\/\/archive.sana.sy\/tr\/index.php?rest_route=%2Fwp%2Fv2%2Fmedia&parent=50765"}],"wp:term":[{"taxonomy":"category","embeddable":true,"href":"https:\/\/archive.sana.sy\/tr\/index.php?rest_route=%2Fwp%2Fv2%2Fcategories&post=50765"},{"taxonomy":"post_tag","embeddable":true,"href":"https:\/\/archive.sana.sy\/tr\/index.php?rest_route=%2Fwp%2Fv2%2Ftags&post=50765"}],"curies":[{"name":"wp","href":"https:\/\/api.w.org\/{rel}","templated":true}]}}