{"id":50766,"date":"2015-10-28T11:00:11","date_gmt":"2015-10-28T08:00:11","guid":{"rendered":"http:\/\/www.sana.sy\/tr\/?p=50766"},"modified":"2015-10-28T13:40:47","modified_gmt":"2015-10-28T10:40:47","slug":"rus-federal-guvenlik-heyeti-isid-orgutunun-saflarinda-bulunan-teroristlerin-%40inin-yabanci-oldugunu-belirtti","status":"publish","type":"post","link":"https:\/\/archive.sana.sy\/tr\/?p=50766","title":{"rendered":"Rus Federal G\u00fcvenlik Heyeti I\u015e\u0130D \u00d6rg\u00fct\u00fcn\u00fcn saflar\u0131nda bulunan ter\u00f6ristlerin %40\u2019\u0131n\u0131n yabanc\u0131 oldu\u011funu belirtti"},"content":{"rendered":"<p>Rus Federal G\u00fcvenlik Heyeti I\u015e\u0130D \u00d6rg\u00fct\u00fcn\u00fcn saflar\u0131nda bulunan ter\u00f6ristlerin %40\u2019\u0131n\u0131n yabanc\u0131 oldu\u011funu belirtti<\/p>\n","protected":false},"excerpt":{"rendered":"<p>Rus Federal G\u00fcvenlik Heyeti I\u015e\u0130D \u00d6rg\u00fct\u00fcn\u00fcn saflar\u0131nda bulunan ter\u00f6ristlerin %40\u2019\u0131n\u0131n yabanc\u0131 oldu\u011funu belirtti<\/p>\n","protected":false},"author":1,"featured_media":0,"comment_status":"closed","ping_status":"closed","sticky":false,"template":"","format":"standard","meta":{"footnotes":""},"categories":[1],"tags":[],"class_list":["post-50766","post","type-post","status-publish","format-standard","","category-news-not-sorted"],"_links":{"self":[{"href":"https:\/\/archive.sana.sy\/tr\/index.php?rest_route=\/wp\/v2\/posts\/50766","targetHints":{"allow":["GET"]}}],"collection":[{"href":"https:\/\/archive.sana.sy\/tr\/index.php?rest_route=\/wp\/v2\/posts"}],"about":[{"href":"https:\/\/archive.sana.sy\/tr\/index.php?rest_route=\/wp\/v2\/types\/post"}],"author":[{"embeddable":true,"href":"https:\/\/archive.sana.sy\/tr\/index.php?rest_route=\/wp\/v2\/users\/1"}],"replies":[{"embeddable":true,"href":"https:\/\/archive.sana.sy\/tr\/index.php?rest_route=%2Fwp%2Fv2%2Fcomments&post=50766"}],"version-history":[{"count":0,"href":"https:\/\/archive.sana.sy\/tr\/index.php?rest_route=\/wp\/v2\/posts\/50766\/revisions"}],"wp:attachment":[{"href":"https:\/\/archive.sana.sy\/tr\/index.php?rest_route=%2Fwp%2Fv2%2Fmedia&parent=50766"}],"wp:term":[{"taxonomy":"category","embeddable":true,"href":"https:\/\/archive.sana.sy\/tr\/index.php?rest_route=%2Fwp%2Fv2%2Fcategories&post=50766"},{"taxonomy":"post_tag","embeddable":true,"href":"https:\/\/archive.sana.sy\/tr\/index.php?rest_route=%2Fwp%2Fv2%2Ftags&post=50766"}],"curies":[{"name":"wp","href":"https:\/\/api.w.org\/{rel}","templated":true}]}}