{"id":50781,"date":"2015-10-28T19:30:08","date_gmt":"2015-10-28T16:30:08","guid":{"rendered":"http:\/\/sana.sy\/tr\/?p=50781"},"modified":"2015-10-29T19:14:33","modified_gmt":"2015-10-29T16:14:33","slug":"el-esad-fransiz-parlamenter-heyeti-kabul-etti","status":"publish","type":"post","link":"https:\/\/archive.sana.sy\/tr\/?p=50781","title":{"rendered":"El Esad Frans\u0131z Parlamenter Heyeti Kabul Etti"},"content":{"rendered":"<p>\u015eAM \u2013 Cumhurba\u015fkan\u0131 Be\u015f\u015far el Esad bug\u00fcn H\u0131ristiyan Demokrat Partisi Ba\u015fkan\u0131 Jean-Frederic Poisson ba\u015fkanl\u0131\u011f\u0131nda Suriye&#8217;yi ziyaret eden Fransa Ulusal Meclisinden parlamenter bir heyeti kabul etti.<\/p>\n<p>Maruz kald\u0131\u011f\u0131 ter\u00f6r sava\u015f\u0131 g\u00f6lgesinde Suriye&#8217;deki son durumlar\u0131n ele al\u0131nd\u0131\u011f\u0131 g\u00f6r\u00fc\u015fmede kimi devletlerin destekledikleri ter\u00f6r\u00fcn b\u00f6lge ve t\u00fcm d\u00fcnya halklar\u0131na kar\u015f\u0131 te\u015fkil ettikleri tehlikeye dikkat \u00e7ekildi.<\/p>\n<p><a href=\"http:\/\/sana.sy\/tr\/wp-content\/uploads\/2015\/10\/el-Esad-13.jpg\"><img loading=\"lazy\" decoding=\"async\" class=\"alignright wp-image-50787 size-medium\" src=\"http:\/\/sana.sy\/tr\/wp-content\/uploads\/2015\/10\/el-Esad-13-300x167.jpg\" alt=\"el Esad 1\" width=\"300\" height=\"167\" srcset=\"https:\/\/archive.sana.sy\/tr\/wp-content\/uploads\/2015\/10\/el-Esad-13-300x167.jpg 300w, https:\/\/archive.sana.sy\/tr\/wp-content\/uploads\/2015\/10\/el-Esad-13-150x83.jpg 150w, https:\/\/archive.sana.sy\/tr\/wp-content\/uploads\/2015\/10\/el-Esad-13-1024x569.jpg 1024w\" sizes=\"auto, (max-width: 300px) 100vw, 300px\" \/><\/a>Cumhurba\u015fkan\u0131 el Esad Frans\u0131z parlamenter heyete ter\u00f6r ve radikal ideoloji olgusuna s\u0131n\u0131r tan\u0131mayan evrensel bir olgu g\u00f6z\u00fcyle bak\u0131p bu \u00e7er\u00e7evede m\u00fccadele etmenin \u00f6nemine dikkat \u00e7ekti. Aralar\u0131nda Fransa\u2019n\u0131n da bulundu\u011fu bir\u00e7ok devletin ter\u00f6re desteklerini s\u00fcrd\u00fcrd\u00fcklerini ve ter\u00f6r \u00f6rg\u00fctlere siyasi \u00f6rt\u00fc temin ettiklerine dikkat \u00e7eken el Esad; \u00f6zellikle parlamento olmak \u00fczere Fransa ve daha ba\u015fka devletlerde h\u00fck\u00fcmetlerin yanl\u0131\u015f tutumlar\u0131n\u0131 d\u00fczeltmelerde oynayabilecekleri role i\u015faret etti. El Esad Ortado\u011fu b\u00f6lgelerinde sa\u011flanacak g\u00fcvenlik ve istikrar\u0131n Fransa ve di\u011fer devletlerin de g\u00fcvenlik ve istikrar\u0131na hizmet edece\u011fini ifade ederken, ter\u00f6r\u00fcn sadece Suriye halk\u0131na de\u011fil, kom\u015fu devletler ve Avrupa halklar\u0131na da ciddi bir tehlike olu\u015fturdu\u011funu belirtti.<\/p>\n<p><a href=\"http:\/\/sana.sy\/tr\/wp-content\/uploads\/2015\/10\/el-Esad-23.jpg\"><img loading=\"lazy\" decoding=\"async\" class=\"alignright wp-image-50788 size-medium\" src=\"http:\/\/sana.sy\/tr\/wp-content\/uploads\/2015\/10\/el-Esad-23-300x146.jpg\" alt=\"el Esad 2\" width=\"300\" height=\"146\" srcset=\"https:\/\/archive.sana.sy\/tr\/wp-content\/uploads\/2015\/10\/el-Esad-23-300x146.jpg 300w, https:\/\/archive.sana.sy\/tr\/wp-content\/uploads\/2015\/10\/el-Esad-23-150x73.jpg 150w, https:\/\/archive.sana.sy\/tr\/wp-content\/uploads\/2015\/10\/el-Esad-23-1024x499.jpg 1024w\" sizes=\"auto, (max-width: 300px) 100vw, 300px\" \/><\/a>Suriye&#8217;deki insani durumlar meselesinde ise el Esad Suriye halk\u0131n\u0131n ya\u015fad\u0131\u011f\u0131 ac\u0131lar\u0131n temel nedeninin ter\u00f6r ve ter\u00f6r\u00fcn altyap\u0131 ve hizmet kurumlar\u0131nda yol a\u00e7t\u0131\u011f\u0131 hasar oldu\u011funu ifade etti. Bir di\u011fer nedeninin de Suriye ve halk\u0131na uygulanan ekonomik yapt\u0131r\u0131mlar oldu\u011funa dikkat \u00e7eken el Esad; bu yapt\u0131r\u0131mlar\u0131n \u00f6zellikle sa\u011fl\u0131k olmak \u00fczere muhtelif sekt\u00f6rlere olumsuz yans\u0131malar\u0131na \u0131\u015f\u0131k tuttu.<\/p>\n<p>Frans\u0131z Parlamenter heyet \u00fcyeleri d\u00fcnya halklar\u0131na kar\u015f\u0131 ciddi bir tehdit te\u015fkil eden ter\u00f6re kar\u015f\u0131 m\u00fccadelede uluslar aras\u0131 \u00e7abalar\u0131n \u00f6nemine dikkat \u00e7ekti. Heyet \u00fcyeleri Bat\u0131l\u0131 devletlerin \u015fu ana kadar Suriye&#8217;de sava\u015fa son vermek i\u00e7in kayda de\u011fer bir sonu\u00e7 alamad\u0131klar\u0131na i\u015faret ederken, yeni politikalar\u0131n izlenilmesi gerekti\u011fine inand\u0131klar\u0131n\u0131 s\u00f6yledi. Konuk heyet \u00fcyeleri politikalar\u0131n de\u011fi\u015ftirilmesi i\u00e7in parlamenter g\u00f6revleri kapsam\u0131nda ellerinden gelen her gayreti g\u00f6stereceklerini ifade etti.<\/p>\n<p>R.H.<\/p>\n","protected":false},"excerpt":{"rendered":"<p>\u015eAM \u2013 Cumhurba\u015fkan\u0131 Be\u015f\u015far el Esad bug\u00fcn H\u0131ristiyan Demokrat Partisi Ba\u015fkan\u0131 Jean-Frederic Poisson ba\u015fkanl\u0131\u011f\u0131nda Suriye&#8217;yi ziyaret eden Fransa Ulusal Meclisinden parlamenter bir heyeti kabul etti. Maruz kald\u0131\u011f\u0131 ter\u00f6r sava\u015f\u0131 g\u00f6lgesinde Suriye&#8217;deki son durumlar\u0131n ele al\u0131nd\u0131\u011f\u0131 g\u00f6r\u00fc\u015fmede kimi devletlerin destekledikleri ter\u00f6r\u00fcn b\u00f6lge ve t\u00fcm d\u00fcnya halklar\u0131na kar\u015f\u0131 te\u015fkil ettikleri tehlikeye dikkat \u00e7ekildi. Cumhurba\u015fkan\u0131 el Esad Frans\u0131z &hellip;<\/p>\n","protected":false},"author":1,"featured_media":50782,"comment_status":"closed","ping_status":"closed","sticky":false,"template":"","format":"standard","meta":{"footnotes":""},"categories":[608,605],"tags":[17463],"class_list":["post-50781","post","type-post","status-publish","format-standard","has-post-thumbnail","","category-etkinlikler","category-sayin-cumhurbaskani","tag-el-esad-fransiz-parlamenter-heyeti-kabul-etti"],"_links":{"self":[{"href":"https:\/\/archive.sana.sy\/tr\/index.php?rest_route=\/wp\/v2\/posts\/50781","targetHints":{"allow":["GET"]}}],"collection":[{"href":"https:\/\/archive.sana.sy\/tr\/index.php?rest_route=\/wp\/v2\/posts"}],"about":[{"href":"https:\/\/archive.sana.sy\/tr\/index.php?rest_route=\/wp\/v2\/types\/post"}],"author":[{"embeddable":true,"href":"https:\/\/archive.sana.sy\/tr\/index.php?rest_route=\/wp\/v2\/users\/1"}],"replies":[{"embeddable":true,"href":"https:\/\/archive.sana.sy\/tr\/index.php?rest_route=%2Fwp%2Fv2%2Fcomments&post=50781"}],"version-history":[{"count":0,"href":"https:\/\/archive.sana.sy\/tr\/index.php?rest_route=\/wp\/v2\/posts\/50781\/revisions"}],"wp:featuredmedia":[{"embeddable":true,"href":"https:\/\/archive.sana.sy\/tr\/index.php?rest_route=\/wp\/v2\/media\/50782"}],"wp:attachment":[{"href":"https:\/\/archive.sana.sy\/tr\/index.php?rest_route=%2Fwp%2Fv2%2Fmedia&parent=50781"}],"wp:term":[{"taxonomy":"category","embeddable":true,"href":"https:\/\/archive.sana.sy\/tr\/index.php?rest_route=%2Fwp%2Fv2%2Fcategories&post=50781"},{"taxonomy":"post_tag","embeddable":true,"href":"https:\/\/archive.sana.sy\/tr\/index.php?rest_route=%2Fwp%2Fv2%2Ftags&post=50781"}],"curies":[{"name":"wp","href":"https:\/\/api.w.org\/{rel}","templated":true}]}}