{"id":50821,"date":"2015-10-28T17:40:03","date_gmt":"2015-10-28T14:40:03","guid":{"rendered":"http:\/\/www.sana.sy\/tr\/?p=50821"},"modified":"2015-10-28T17:27:35","modified_gmt":"2015-10-28T14:27:35","slug":"teroristlere-ait-13-fuze-karargahi-ve-bir-top-rampasinin-da-imha-edildigini-belirten-kaynak-imha-edilen-fuze-karargahlarinin-bir-kisminin-sam-kirsalinin-guneydogu-daglarinda-kamufle-edilmis-olduklari","status":"publish","type":"post","link":"https:\/\/archive.sana.sy\/tr\/?p=50821","title":{"rendered":"Ter\u00f6ristlere ait 13 f\u00fcze karargah\u0131 ve bir top rampas\u0131n\u0131n da imha edildi\u011fini belirten kaynak; imha edilen f\u00fcze karargahlar\u0131n\u0131n bir k\u0131sm\u0131n\u0131n \u015eam k\u0131rsal\u0131n\u0131n g\u00fcneydo\u011fu da\u011flar\u0131nda kamufle edilmi\u015f olduklar\u0131na dikkat \u00e7ekti."},"content":{"rendered":"<p>Ter\u00f6ristlere ait 13 f\u00fcze karargah\u0131 ve bir top rampas\u0131n\u0131n da imha edildi\u011fini belirten kaynak; imha edilen f\u00fcze karargahlar\u0131n\u0131n bir k\u0131sm\u0131n\u0131n \u015eam k\u0131rsal\u0131n\u0131n g\u00fcneydo\u011fu da\u011flar\u0131nda kamufle edilmi\u015f olduklar\u0131na dikkat \u00e7ekti.<\/p>\n","protected":false},"excerpt":{"rendered":"<p>Ter\u00f6ristlere ait 13 f\u00fcze karargah\u0131 ve bir top rampas\u0131n\u0131n da imha edildi\u011fini belirten kaynak; imha edilen f\u00fcze karargahlar\u0131n\u0131n bir k\u0131sm\u0131n\u0131n \u015eam k\u0131rsal\u0131n\u0131n g\u00fcneydo\u011fu da\u011flar\u0131nda kamufle edilmi\u015f olduklar\u0131na dikkat \u00e7ekti.<\/p>\n","protected":false},"author":1,"featured_media":0,"comment_status":"closed","ping_status":"closed","sticky":false,"template":"","format":"standard","meta":{"footnotes":""},"categories":[1],"tags":[],"class_list":["post-50821","post","type-post","status-publish","format-standard","","category-news-not-sorted"],"_links":{"self":[{"href":"https:\/\/archive.sana.sy\/tr\/index.php?rest_route=\/wp\/v2\/posts\/50821","targetHints":{"allow":["GET"]}}],"collection":[{"href":"https:\/\/archive.sana.sy\/tr\/index.php?rest_route=\/wp\/v2\/posts"}],"about":[{"href":"https:\/\/archive.sana.sy\/tr\/index.php?rest_route=\/wp\/v2\/types\/post"}],"author":[{"embeddable":true,"href":"https:\/\/archive.sana.sy\/tr\/index.php?rest_route=\/wp\/v2\/users\/1"}],"replies":[{"embeddable":true,"href":"https:\/\/archive.sana.sy\/tr\/index.php?rest_route=%2Fwp%2Fv2%2Fcomments&post=50821"}],"version-history":[{"count":0,"href":"https:\/\/archive.sana.sy\/tr\/index.php?rest_route=\/wp\/v2\/posts\/50821\/revisions"}],"wp:attachment":[{"href":"https:\/\/archive.sana.sy\/tr\/index.php?rest_route=%2Fwp%2Fv2%2Fmedia&parent=50821"}],"wp:term":[{"taxonomy":"category","embeddable":true,"href":"https:\/\/archive.sana.sy\/tr\/index.php?rest_route=%2Fwp%2Fv2%2Fcategories&post=50821"},{"taxonomy":"post_tag","embeddable":true,"href":"https:\/\/archive.sana.sy\/tr\/index.php?rest_route=%2Fwp%2Fv2%2Ftags&post=50821"}],"curies":[{"name":"wp","href":"https:\/\/api.w.org\/{rel}","templated":true}]}}